{"id":1735,"date":"2014-05-27T19:49:04","date_gmt":"2014-05-27T19:49:04","guid":{"rendered":"http:\/\/kostolna.fara.sk\/?p=1735"},"modified":"2014-05-27T19:49:04","modified_gmt":"2014-05-27T19:49:04","slug":"prve-svate-prijmanie-2014","status":"publish","type":"post","link":"https:\/\/www.farakostolna.sk\/?p=1735","title":{"rendered":"Prv\u00e9 sv\u00e4t\u00e9 pr\u00edjmanie 2014 \/ Els\u0151\u00e1ldoz\u00e1s pl\u00e9b\u00e1niak\u00f6zs\u00e9g\u00fcnkben"},"content":{"rendered":"<p>\t\t\t\t<a href=\"http:\/\/kostolna.fara.sk\/wp-content\/uploads\/2014\/05\/DSC_0500.jpg\"><img loading=\"lazy\" decoding=\"async\" class=\"size-thumbnail wp-image-1738 alignleft\" alt=\"DSC_0500\" src=\"http:\/\/kostolna.fara.sk\/wp-content\/uploads\/2014\/05\/DSC_0500-150x150.jpg\" width=\"150\" height=\"150\"><\/a>D\u0148a 25. m\u00e1ja 2014 o 09:30 sa vo farskom kostole v&nbsp;Kostolnej pri Dunaji uskuto\u010dnila sl\u00e1vnos\u0165 prv\u00e9ho sv\u00e4t\u00e9ho prij\u00edmania. 18 det\u00ed z&nbsp;Kostolnej pri Dunaji, Hrub\u00e9ho \u0160\u00faru a&nbsp;z&nbsp;Hrubej Bor\u0161e prijalo prv\u00fdkr\u00e1t do svojich s\u0155dc Je\u017ei\u0161a Krista, pod sp\u00f4sobom chleba \u2013 Eucharistie. <!--more-->Na t\u00fato, pre nich tak v\u00fdznamn\u00fa udalos\u0165, sa svedomito pripravovali pod veden\u00edm pani katech\u00e9tok a p\u00e1na far\u00e1ra Pavla Gajdo\u0161a, ktor\u00ed ich u\u010dili s&nbsp;ve\u013ekou l\u00e1skou, snahou a&nbsp;ochotou. Deti sa akt\u00edvne zapojili do sl\u00e1venia sv\u00e4tej om\u0161e spevom, prosbami i po\u010fakovaniami. K pr\u00edjemnej atmosf\u00e9re prispela v\u00fdzdoba kostola a&nbsp;pekn\u00fd spev spojen\u00fd s&nbsp;hrou na gitare.<\/p>\n<p>Po sl\u00e1vnosti odovzdal p\u00e1n far\u00e1r de\u0165om pam\u00e4tn\u00e9 listy, ktor\u00e9 im bud\u00fa pripom\u00edna\u0165 de\u0148 prv\u00e9ho sv\u00e4t\u00e9ho prij\u00edmania. Po\u010das celej sv\u00e4tej om\u0161e im v\u0161ak pripom\u00ednal, \u017ee t\u00fdmto d\u0148om sa ni\u010d nekon\u010d\u00ed, ale \u017eivot s Je\u017ei\u0161om pokra\u010duje\u2026ka\u017ed\u00fd de\u0148.<\/p>\n<p>Prv\u00e9 sv\u00e4t\u00e9 prij\u00edmanie je pre die\u0165a v\u00fdnimo\u010dn\u00fdm d\u0148om s nezabudnute\u013enou atmosf\u00e9rou. Na\u0161im prvoprij\u00edmaj\u00facim de\u0165om prajeme, aby si tento okamih, t\u00fato chv\u00ed\u013eu hlboko zap\u00edsali do svojich srdie\u010dok, aby na \u0148u nikdy nezabudli a s rados\u0165ou pristupovali pri ka\u017edej sv\u00e4tej om\u0161i k sv\u00e4t\u00e9mu prij\u00edmaniu.<br \/>\nVer\u00edme, \u017ee zo stretnutia s Je\u017ei\u0161om v Olt\u00e1rnej sviatosti bud\u00fa \u010derpa\u0165 silu a&nbsp;povzbudenie, a tak zostan\u00fa vern\u00ed svojmu najv\u00e4\u010d\u0161iemu priate\u013eovi P\u00e1nu Je\u017ei\u0161ovi po cel\u00fd \u017eivot.<\/p>\n<p>\u00daprimn\u00e9 po\u010fakovanie patr\u00ed v\u0161etk\u00fdm, ktor\u00ed sa ak\u00fdmko\u013evek sp\u00f4sobom podie\u013eali na pr\u00edprave a priebehu tejto kr\u00e1snej sl\u00e1vnosti.<\/p>\n<p><a title=\"Fotky\" href=\"https:\/\/plus.google.com\/u\/0\/photos\/113195793245664134546\/albums\/6018192021884182369\" target=\"_blank\" rel=\"noopener noreferrer\">Foto\/F\u00e9nyk\u00e9pek<\/a><\/p>\n<p>2014. m\u00e1jus 25-\u00e9n a pl\u00e9b\u00e1niatemplomban 18 egyh\u00e1zfai, hegys\u00fari \u00e9s nagyborsai gyermek fogadta el\u0151sz\u00f6r a sz\u00edv\u00e9be az \u00dar J\u00e9zust a keny\u00e9r sz\u00edne alatt az Euchariszti\u00e1ban. Erre, a sz\u00e1mukra oly jelent\u0151s esem\u00e9nyre lelkiismeretesen k\u00e9sz\u00fcltek hitoktat\u00f3ik \u00e9s Gajdo\u0161 P\u00e1l pl\u00e9b\u00e1nos atya vezet\u00e9s\u00e9vel, akik nagy szeretettel \u00e9s odaad\u00e1ssal tan\u00edtott\u00e1k \u0151ket. Az els\u0151\u00e1ldoz\u00f3k \u00e9nek\u00fckkel, k\u00e9r\u00e9seikkel \u00e9s k\u00f6sz\u00f6netnyilv\u00e1n\u00edt\u00e1sukkal akt\u00edvan bekapcsol\u00f3dtak a szentmis\u00e9be. A kellemes hangulathoz hozz\u00e1j\u00e1rult az \u00fcnnepi d\u00edszben ragyog\u00f3 templom, valamint a git\u00e1rk\u00eds\u00e9rettel el\u0151adott \u00e9nek.<\/p>\n<p>Az \u00fcnnepi szentmise ut\u00e1n a pl\u00e9b\u00e1nos \u00far eml\u00e9klapokat adott \u00e1t a gyerekeknek, amely majd els\u0151\u00e1ldoz\u00e1suk napj\u00e1t juttatja majd esz\u00fckbe. Ugyanakkor eml\u00e9keztette \u0151ket arra, hogy ezzel nem \u00e9r v\u00e9get semmi, hanem folytat\u00f3dik az \u00e9let\u00fck J\u00e9zussal\u2026 mindennap.<\/p>\n<p>A gyermek sz\u00e1m\u00e1ra az els\u0151\u00e1ldoz\u00e1s egy felejthetetlen hangulat\u00fa, kiv\u00e9teles alkalom. Els\u0151\u00e1ldoz\u00f3inknak k\u00edv\u00e1njuk, hogy j\u00f3l v\u00e9ss\u00e9k be ezt a pillanatot a sz\u00edv\u00fckbe, hogy sose felejts\u00e9k el, s hogy \u00f6r\u00f6mmel j\u00e1ruljanak a szent\u00e1ldoz\u00e1shoz minden szentmis\u00e9n.<\/p>\n<p>Hissz\u00fck, hogy az Olt\u00e1riszents\u00e9gben lakoz\u00f3 J\u00e9zussal val\u00f3 tal\u00e1lkoz\u00e1sb\u00f3l er\u0151t mer\u00edtenek, \u00e9s h\u0171s\u00e9gesek maradnak legjobb bar\u00e1tjukhoz, az \u00dar J\u00e9zushoz eg\u00e9sz \u00e9let\u00fck sor\u00e1n.<\/p>\n<p>K\u00f6sz\u00f6net illet mindenkit, aki b\u00e1rmilyen m\u00f3don hozz\u00e1j\u00e1rult ennek a sz\u00e9p \u00fcnnepnek az el\u0151k\u00e9sz\u00edt\u00e9s\u00e9be \u00e9s megval\u00f3s\u00edt\u00e1s\u00e1ba.<\/p>\n<p>&nbsp;<\/p>\n<p>&nbsp;<\/p>\n<p>&nbsp;\t\t\t\t<\/p>\n","protected":false},"excerpt":{"rendered":"<p>D\u0148a 25. m\u00e1ja 2014 o 09:30 sa vo farskom kostole v&nbsp;Kostolnej pri Dunaji uskuto\u010dnila sl\u00e1vnos\u0165 prv\u00e9ho sv\u00e4t\u00e9ho prij\u00edmania. 18 det\u00ed z&nbsp;Kostolnej pri Dunaji, Hrub\u00e9ho \u0160\u00faru a&nbsp;z&nbsp;Hrubej Bor\u0161e prijalo prv\u00fdkr\u00e1t do svojich s\u0155dc Je\u017ei\u0161a Krista, pod sp\u00f4sobom chleba \u2013 Eucharistie.<\/p>\n","protected":false},"author":1,"featured_media":1738,"comment_status":"closed","ping_status":"closed","sticky":false,"template":"","format":"standard","meta":{"footnotes":""},"categories":[5],"tags":[24],"class_list":{"0":"entry","1":"post","2":"publish","3":"author-marian-jasenoveceltras-sk","4":"has-excerpt","5":"has-more-link","6":"post-1735","8":"format-standard","9":"has-post-thumbnail","10":"category-aktuality","11":"post_tag-aktuality"},"_links":{"self":[{"href":"https:\/\/www.farakostolna.sk\/index.php?rest_route=\/wp\/v2\/posts\/1735","targetHints":{"allow":["GET"]}}],"collection":[{"href":"https:\/\/www.farakostolna.sk\/index.php?rest_route=\/wp\/v2\/posts"}],"about":[{"href":"https:\/\/www.farakostolna.sk\/index.php?rest_route=\/wp\/v2\/types\/post"}],"author":[{"embeddable":true,"href":"https:\/\/www.farakostolna.sk\/index.php?rest_route=\/wp\/v2\/users\/1"}],"replies":[{"embeddable":true,"href":"https:\/\/www.farakostolna.sk\/index.php?rest_route=%2Fwp%2Fv2%2Fcomments&post=1735"}],"version-history":[{"count":0,"href":"https:\/\/www.farakostolna.sk\/index.php?rest_route=\/wp\/v2\/posts\/1735\/revisions"}],"wp:featuredmedia":[{"embeddable":true,"href":"https:\/\/www.farakostolna.sk\/index.php?rest_route=\/"}],"wp:attachment":[{"href":"https:\/\/www.farakostolna.sk\/index.php?rest_route=%2Fwp%2Fv2%2Fmedia&parent=1735"}],"wp:term":[{"taxonomy":"category","embeddable":true,"href":"https:\/\/www.farakostolna.sk\/index.php?rest_route=%2Fwp%2Fv2%2Fcategories&post=1735"},{"taxonomy":"post_tag","embeddable":true,"href":"https:\/\/www.farakostolna.sk\/index.php?rest_route=%2Fwp%2Fv2%2Ftags&post=1735"}],"curies":[{"name":"wp","href":"https:\/\/api.w.org\/{rel}","templated":true}]}}