{"id":1715,"date":"2014-05-02T19:10:01","date_gmt":"2014-05-02T19:10:01","guid":{"rendered":"http:\/\/kostolna.fara.sk\/?p=1715"},"modified":"2014-05-02T19:10:01","modified_gmt":"2014-05-02T19:10:01","slug":"put-do-sastina-sasvari-zarandoklat","status":"publish","type":"post","link":"https:\/\/www.farakostolna.sk\/?p=1715","title":{"rendered":"P\u00fa\u0165 do \u0160a\u0161t\u00edna \/ Sasv\u00e1ri zar\u00e1ndoklat"},"content":{"rendered":"<p>\t\t\t\t<a href=\"http:\/\/kostolna.fara.sk\/wp-content\/uploads\/2014\/05\/P1000880.jpg\"><img loading=\"lazy\" decoding=\"async\" class=\"size-thumbnail wp-image-1716 alignleft\" alt=\"P1000880\" src=\"http:\/\/kostolna.fara.sk\/wp-content\/uploads\/2014\/05\/P1000880-150x150.jpg\" width=\"150\" height=\"150\"><\/a>Pri pr\u00edle\u017eitosti Roka Sedembolestnej Panny M\u00e1rie sa 1. m\u00e1ja uskuto\u010dnila v&nbsp;\u0160a\u0161t\u00edne p\u00fa\u0165 veriacich ma\u010farskej n\u00e1rodnosti, na ktorej sa z\u00fa\u010dastnili aj veriaci z&nbsp;na\u0161ej farnosti.<\/p>\n<p><!--more--><\/p>\n<p>Vyrazili sme r\u00e1no o&nbsp;8:30, autobus sa naplnil veriacimi zo v\u0161etk\u00fdch troch ded\u00edn na\u0161ej farnosti. Z\u00fa\u010dastnili sme sa na \u00favodnej sv\u00e4tej om\u0161i, ktor\u00fa celebroval trnavsk\u00fd arcibiskup J\u00e1n Orosch, potom sme si vypo\u010duli katech\u00e9zy, ktor\u00e9 n\u00e1m pripravili Mons. Zolt\u00e1n \u010eur\u010do, Dr. Gy\u00f6rgy Herdics a Mons. Zolt\u00e1n P\u00e1sztor. Zastavili sme sa aj pri hrobe salezi\u00e1na Ivana Gr\u00f3fa. Na\u0161u p\u00fa\u0165 sme ukon\u010dili procesiou a&nbsp;ador\u00e1ciou.<\/p>\n<p>Mali sem ve\u013ek\u00fa rados\u0165 z&nbsp;toho, \u017ee sa k&nbsp;n\u00e1m pripojili aj na\u0161i mlad\u00ed. Domov sme sa vracali posilnen\u00ed na duchu.<\/p>\n<p><a title=\"Sastik\" href=\"https:\/\/plus.google.com\/u\/0\/photos\/113195793245664134546\/albums\/6014118713525174273\" target=\"_blank\" rel=\"noopener noreferrer\">Foto\/F\u00e9nyk\u00e9pek:<\/a><\/p>\n<p>A&nbsp;2014-es \u00e9v a&nbsp;H\u00e9tf\u00e1jdalm\u00fa Sz\u0171zanya \u00e9ve. Ennek tisztelet\u00e9re m\u00e1jus 1-j\u00e9n Sasv\u00e1ron megrendez\u00e9sre ker\u00fclt a magyar nemzetis\u00e9g\u0171 h\u00edvek zar\u00e1ndoklata, amelyen a mi pl\u00e9b\u00e1niak\u00f6zs\u00e9g\u00fcnk h\u00edvei is r\u00e9szt vettek.<\/p>\n<p>Az aut\u00f3busz nagyborsai, egyh\u00e1zfai \u00e9s hegys\u00fari h\u00edvekkel telt meg, reggel 8:30-kor indultunk. R\u00e9szt vett\u00fcnk az \u00fcnnepi szentmis\u00e9n, melyet Mons. Oros J\u00e1nos \u00e9rsek celebr\u00e1lt, majd meghallgattuk a katek\u00e9ziseket Mons. \u010eur\u010do Zolt\u00e1n, Dr. Herdics Gy\u00f6rgy \u00e9s Mons. P\u00e1sztor Zolt\u00e1n el\u0151ad\u00e1s\u00e1ban. Zar\u00e1ndokaink kis csapata tisztelet\u00e9t tette Gr\u00f3f Iv\u00e1n szal\u00e9zi atya s\u00edrj\u00e1n\u00e1l is. Zar\u00e1ndoklatunk k\u00f6rmenettel \u00e9s szents\u00e9gim\u00e1d\u00e1ssal z\u00e1rult.<\/p>\n<p>Nagy \u00f6r\u00f6m volt l\u00e1tni pl\u00e9b\u00e1niak\u00f6zs\u00e9g\u00fcnk fiataljait is, akik j\u00f3kedvvel vettek r\u00e9szt ezen a rendezv\u00e9nyen. Lelkileg meg\u00fajulva t\u00e9rt\u00fcnk haza.\t\t\t\t<\/p>\n","protected":false},"excerpt":{"rendered":"<p>Pri pr\u00edle\u017eitosti Roka Sedembolestnej Panny M\u00e1rie sa 1. m\u00e1ja uskuto\u010dnila v&nbsp;\u0160a\u0161t\u00edne p\u00fa\u0165 veriacich ma\u010farskej n\u00e1rodnosti, na ktorej sa z\u00fa\u010dastnili aj veriaci z&nbsp;na\u0161ej farnosti.<\/p>\n","protected":false},"author":1,"featured_media":1716,"comment_status":"closed","ping_status":"closed","sticky":false,"template":"","format":"standard","meta":{"footnotes":""},"categories":[5],"tags":[24],"class_list":{"0":"entry","1":"post","2":"publish","3":"author-marian-jasenoveceltras-sk","4":"has-excerpt","5":"has-more-link","6":"post-1715","8":"format-standard","9":"has-post-thumbnail","10":"category-aktuality","11":"post_tag-aktuality"},"_links":{"self":[{"href":"https:\/\/www.farakostolna.sk\/index.php?rest_route=\/wp\/v2\/posts\/1715","targetHints":{"allow":["GET"]}}],"collection":[{"href":"https:\/\/www.farakostolna.sk\/index.php?rest_route=\/wp\/v2\/posts"}],"about":[{"href":"https:\/\/www.farakostolna.sk\/index.php?rest_route=\/wp\/v2\/types\/post"}],"author":[{"embeddable":true,"href":"https:\/\/www.farakostolna.sk\/index.php?rest_route=\/wp\/v2\/users\/1"}],"replies":[{"embeddable":true,"href":"https:\/\/www.farakostolna.sk\/index.php?rest_route=%2Fwp%2Fv2%2Fcomments&post=1715"}],"version-history":[{"count":0,"href":"https:\/\/www.farakostolna.sk\/index.php?rest_route=\/wp\/v2\/posts\/1715\/revisions"}],"wp:featuredmedia":[{"embeddable":true,"href":"https:\/\/www.farakostolna.sk\/index.php?rest_route=\/"}],"wp:attachment":[{"href":"https:\/\/www.farakostolna.sk\/index.php?rest_route=%2Fwp%2Fv2%2Fmedia&parent=1715"}],"wp:term":[{"taxonomy":"category","embeddable":true,"href":"https:\/\/www.farakostolna.sk\/index.php?rest_route=%2Fwp%2Fv2%2Fcategories&post=1715"},{"taxonomy":"post_tag","embeddable":true,"href":"https:\/\/www.farakostolna.sk\/index.php?rest_route=%2Fwp%2Fv2%2Ftags&post=1715"}],"curies":[{"name":"wp","href":"https:\/\/api.w.org\/{rel}","templated":true}]}}