{"id":1694,"date":"2014-05-13T05:33:45","date_gmt":"2014-05-13T05:33:45","guid":{"rendered":"http:\/\/kostolna.fara.sk\/?p=1694"},"modified":"2014-05-13T05:33:45","modified_gmt":"2014-05-13T05:33:45","slug":"den-rodiny-a-csalad-napja","status":"publish","type":"post","link":"https:\/\/www.farakostolna.sk\/?p=1694","title":{"rendered":"De\u0148 rodiny \/ A Csal\u00e1d napja"},"content":{"rendered":"<p>\t\t\t\tPr\u00ed\u010fte s nami 7. j\u00fana osl\u00e1vi\u0165 De\u0148 rodiny. Za\u010d\u00edname sv\u00e4tou om\u0161ou o 15-tej hodine v Kostolnej pri Dunaji. Po nej si m\u00f4\u017eete zas\u00fa\u0165a\u017ei\u0165 s in\u00fdmi rodinami. Deti sa vy\u0161antia na ve\u013ekom sk\u00e1kacomhrade a mo\u017eno aj in\u00fdch atrakci\u00e1ch. Spolu si pochutn\u00e1me na gul\u00e1\u0161i, palacink\u00e1ch, lok\u0161iach&nbsp; cukrovej vate a chutnej k\u00e1ve. Ve\u010der si zaspievame pri t\u00e1bor\u00e1ku. A Vy by ste pri tom nemali ch\u00fdba\u0165!<\/p>\n<p>Za \u0161tedr\u00fa podporu \u010fakujeme miestnym sponzorom:<\/p>\n<p><a href=\"http:\/\/www.ppsolutions.sk\/\">www.ppsolutions.sk<\/a><\/p>\n<p><a href=\"http:\/\/www.lokse.sk\/\">www.lokse.sk<\/a><\/p>\n<p><a href=\"http:\/\/www.ciernaperla.sk\/\">www.ciernaperla.sk<\/a><\/p>\n<p><a href=\"http:\/\/kostolna.fara.sk\/wp-content\/uploads\/2014\/05\/Plagat_DR_2014_A4_SK_1v1_75dpi1.png\"><img loading=\"lazy\" decoding=\"async\" class=\"aligncenter size-full wp-image-1730\" alt=\"Plagat_DR_2014_A4_SK_1v1_75dpi\" src=\"http:\/\/kostolna.fara.sk\/wp-content\/uploads\/2014\/05\/Plagat_DR_2014_A4_SK_1v1_75dpi1.png\" width=\"620\" height=\"876\"><\/a><a href=\"http:\/\/kostolna.fara.sk\/wp-content\/uploads\/2014\/05\/Plagat_DR_2014_A4_SK_1v1_75dpi1.png\"><br \/>\n<\/a><\/p>\n<p style=\"text-align: left;\"><a href=\"http:\/\/kostolna.fara.sk\/wp-content\/uploads\/2014\/05\/Plagat_DR_2014_A4_HU_1v1_75dpi.png\"><img loading=\"lazy\" decoding=\"async\" class=\"aligncenter size-full wp-image-1707\" alt=\"Plagat_DR_2014_A4_HU_1v1_75dpi\" src=\"http:\/\/kostolna.fara.sk\/wp-content\/uploads\/2014\/05\/Plagat_DR_2014_A4_HU_1v1_75dpi.png\" width=\"620\" height=\"876\"><\/a><\/p>\n","protected":false},"excerpt":{"rendered":"<p>Pr\u00ed\u010fte s nami 7. j\u00fana osl\u00e1vi\u0165 De\u0148 rodiny. Za\u010d\u00edname sv\u00e4tou om\u0161ou o 15-tej hodine v Kostolnej pri Dunaji. Po nej si m\u00f4\u017eete zas\u00fa\u0165a\u017ei\u0165 s in\u00fdmi rodinami. Deti sa vy\u0161antia na ve\u013ekom sk\u00e1kacomhrade a mo\u017eno aj in\u00fdch atrakci\u00e1ch. Spolu si pochutn\u00e1me na gul\u00e1\u0161i, palacink\u00e1ch, lok\u0161iach&nbsp; cukrovej vate a chutnej k\u00e1ve. Ve\u010der si zaspievame pri t\u00e1bor\u00e1ku. A &#8230; <span class=\"more\"><a class=\"more-link\" href=\"https:\/\/www.farakostolna.sk\/?p=1694\">[\u010c\u00edta\u0165 \u010falej&#8230;]<\/a><\/span><\/p>\n","protected":false},"author":1,"featured_media":1706,"comment_status":"closed","ping_status":"closed","sticky":false,"template":"","format":"standard","meta":{"footnotes":""},"categories":[5],"tags":[24],"class_list":{"0":"entry","1":"post","2":"publish","3":"author-marian-jasenoveceltras-sk","4":"has-excerpt","5":"post-1694","7":"format-standard","8":"has-post-thumbnail","9":"category-aktuality","10":"post_tag-aktuality"},"_links":{"self":[{"href":"https:\/\/www.farakostolna.sk\/index.php?rest_route=\/wp\/v2\/posts\/1694","targetHints":{"allow":["GET"]}}],"collection":[{"href":"https:\/\/www.farakostolna.sk\/index.php?rest_route=\/wp\/v2\/posts"}],"about":[{"href":"https:\/\/www.farakostolna.sk\/index.php?rest_route=\/wp\/v2\/types\/post"}],"author":[{"embeddable":true,"href":"https:\/\/www.farakostolna.sk\/index.php?rest_route=\/wp\/v2\/users\/1"}],"replies":[{"embeddable":true,"href":"https:\/\/www.farakostolna.sk\/index.php?rest_route=%2Fwp%2Fv2%2Fcomments&post=1694"}],"version-history":[{"count":0,"href":"https:\/\/www.farakostolna.sk\/index.php?rest_route=\/wp\/v2\/posts\/1694\/revisions"}],"wp:featuredmedia":[{"embeddable":true,"href":"https:\/\/www.farakostolna.sk\/index.php?rest_route=\/"}],"wp:attachment":[{"href":"https:\/\/www.farakostolna.sk\/index.php?rest_route=%2Fwp%2Fv2%2Fmedia&parent=1694"}],"wp:term":[{"taxonomy":"category","embeddable":true,"href":"https:\/\/www.farakostolna.sk\/index.php?rest_route=%2Fwp%2Fv2%2Fcategories&post=1694"},{"taxonomy":"post_tag","embeddable":true,"href":"https:\/\/www.farakostolna.sk\/index.php?rest_route=%2Fwp%2Fv2%2Ftags&post=1694"}],"curies":[{"name":"wp","href":"https:\/\/api.w.org\/{rel}","templated":true}]}}