{"id":1681,"date":"2014-04-15T05:27:02","date_gmt":"2014-04-15T05:27:02","guid":{"rendered":"http:\/\/kostolna.fara.sk\/?p=1681"},"modified":"2014-04-15T05:27:02","modified_gmt":"2014-04-15T05:27:02","slug":"bratislava-za-zivot-pozsony-az-eletert","status":"publish","type":"post","link":"https:\/\/www.farakostolna.sk\/?p=1681","title":{"rendered":"Bratislava za \u017eivot \/ Pozsony az \u00e9let\u00e9rt"},"content":{"rendered":"<p>\t\t\t\t<a href=\"http:\/\/kostolna.fara.sk\/wp-content\/uploads\/2014\/05\/140412-016.jpg\"><img loading=\"lazy\" decoding=\"async\" class=\"alignleft size-thumbnail wp-image-1682\" alt=\"140412 016\" src=\"http:\/\/kostolna.fara.sk\/wp-content\/uploads\/2014\/05\/140412-016-150x150.jpg\" width=\"150\" height=\"150\"><\/a>Ochrana \u017eivota od po\u010datia a\u017e po prirodzen\u00fa smr\u0165 je hodnota, ktor\u00e1 si zasl\u00fa\u017ei \u00factu a&nbsp;ochranu. Na kvetn\u00fa nede\u013eu \u2013 13. apr\u00edla 2014 \u2013 za toto presved\u010denie vy\u0161li do ul\u00edc Bratislavy tis\u00edcky \u013eud\u00ed, medzi ktor\u00fdmi nech\u00fdbali ani rodiny z&nbsp;na\u0161ej farnosti.<!--more--><\/p>\n<p><a title=\"Bratislava za zivot\" href=\"https:\/\/plus.google.com\/u\/0\/photos\/113195793245664134546\/albums\/6012774414283509457\" target=\"_blank\" rel=\"noopener noreferrer\">Foto\/F\u00e9nyk\u00e9pek:<\/a><\/p>\n<p>&nbsp;<\/p>\n<p>Az \u00e9let v\u00e9delme a&nbsp;fogantat\u00e1st\u00f3l eg\u00e9szen a&nbsp;term\u00e9szetes hal\u00e1lig olyan \u00e9rt\u00e9k, amely tiszteletet \u00e9rdemel, s&nbsp;amelyet v\u00e9deni kell. 2014. \u00e1prilis 13-\u00e1n, vir\u00e1gvas\u00e1rnap t\u00f6bb ezer ember vonult v\u00e9gig Pozsony utc\u00e1in, hogy kifejezze ezt a meggy\u0151z\u0151d\u00e9s\u00e9t. A rendezv\u00e9nyen pl\u00e9b\u00e1niak\u00f6zs\u00e9g\u00fcnk is k\u00e9pviseltette mag\u00e1t.\t\t\t\t<\/p>\n","protected":false},"excerpt":{"rendered":"<p>Ochrana \u017eivota od po\u010datia a\u017e po prirodzen\u00fa smr\u0165 je hodnota, ktor\u00e1 si zasl\u00fa\u017ei \u00factu a&nbsp;ochranu. Na kvetn\u00fa nede\u013eu \u2013 13. apr\u00edla 2014 \u2013 za toto presved\u010denie vy\u0161li do ul\u00edc Bratislavy tis\u00edcky \u013eud\u00ed, medzi ktor\u00fdmi nech\u00fdbali ani rodiny z&nbsp;na\u0161ej farnosti.<\/p>\n","protected":false},"author":1,"featured_media":1682,"comment_status":"closed","ping_status":"closed","sticky":false,"template":"","format":"standard","meta":{"footnotes":""},"categories":[5],"tags":[24],"class_list":{"0":"entry","1":"post","2":"publish","3":"author-marian-jasenoveceltras-sk","4":"has-excerpt","5":"has-more-link","6":"post-1681","8":"format-standard","9":"has-post-thumbnail","10":"category-aktuality","11":"post_tag-aktuality"},"_links":{"self":[{"href":"https:\/\/www.farakostolna.sk\/index.php?rest_route=\/wp\/v2\/posts\/1681","targetHints":{"allow":["GET"]}}],"collection":[{"href":"https:\/\/www.farakostolna.sk\/index.php?rest_route=\/wp\/v2\/posts"}],"about":[{"href":"https:\/\/www.farakostolna.sk\/index.php?rest_route=\/wp\/v2\/types\/post"}],"author":[{"embeddable":true,"href":"https:\/\/www.farakostolna.sk\/index.php?rest_route=\/wp\/v2\/users\/1"}],"replies":[{"embeddable":true,"href":"https:\/\/www.farakostolna.sk\/index.php?rest_route=%2Fwp%2Fv2%2Fcomments&post=1681"}],"version-history":[{"count":0,"href":"https:\/\/www.farakostolna.sk\/index.php?rest_route=\/wp\/v2\/posts\/1681\/revisions"}],"wp:featuredmedia":[{"embeddable":true,"href":"https:\/\/www.farakostolna.sk\/index.php?rest_route=\/"}],"wp:attachment":[{"href":"https:\/\/www.farakostolna.sk\/index.php?rest_route=%2Fwp%2Fv2%2Fmedia&parent=1681"}],"wp:term":[{"taxonomy":"category","embeddable":true,"href":"https:\/\/www.farakostolna.sk\/index.php?rest_route=%2Fwp%2Fv2%2Fcategories&post=1681"},{"taxonomy":"post_tag","embeddable":true,"href":"https:\/\/www.farakostolna.sk\/index.php?rest_route=%2Fwp%2Fv2%2Ftags&post=1681"}],"curies":[{"name":"wp","href":"https:\/\/api.w.org\/{rel}","templated":true}]}}