{"id":1671,"date":"2014-04-29T19:43:28","date_gmt":"2014-04-29T19:43:28","guid":{"rendered":"http:\/\/kostolna.fara.sk\/?p=1671"},"modified":"2014-04-29T19:43:28","modified_gmt":"2014-04-29T19:43:28","slug":"svatorecenie-ocami-putnika-szentte-avatas-zarandokszemmel","status":"publish","type":"post","link":"https:\/\/www.farakostolna.sk\/?p=1671","title":{"rendered":"Sv\u00e4tore\u010denie o\u010dami p\u00fatnika \/ Szentt\u00e9 avat\u00e1s zar\u00e1ndokszemmel"},"content":{"rendered":"<p>\t\t\t\t<a href=\"http:\/\/kostolna.fara.sk\/wp-content\/uploads\/2014\/04\/P1000807.jpg\"><img loading=\"lazy\" decoding=\"async\" class=\"alignleft size-thumbnail wp-image-1672\" alt=\"P1000807\" src=\"http:\/\/kostolna.fara.sk\/wp-content\/uploads\/2014\/04\/P1000807-150x150.jpg\" width=\"150\" height=\"150\"><\/a>Kto by nechcel za\u017ei\u0165 \u00fa\u017easn\u00fa atmosf\u00e9ru mili\u00f3nov\u00e9ho davu v&nbsp;najmen\u0161om \u0161t\u00e1te sveta? Udalos\u0165 sv\u00e4tore\u010denia p\u00e1pe\u017eov J\u00e1na XXIII. a&nbsp;J\u00e1na Pavla II. pritiahla pozornos\u0165 cel\u00e9ho sveta. <!--more-->Sv\u00e4t\u00fd Otec Franti\u0161ek v&nbsp;k\u00e1zni pripodobnil rany t\u00fdchto dvoch sv\u00e4tcov k ran\u00e1m Kristov\u00fdm, ktor\u00e9 priv\u00e1dzaj\u00fa k&nbsp;viere. Pon\u00fakam v\u00e1m kr\u00e1tku fotoreport\u00e1\u017e zo samotn\u00e9ho sv\u00e4tore\u010denia ale i&nbsp;z&nbsp;tajupln\u00fdch n\u00e1dhern\u00fdch vatik\u00e1nskych z\u00e1hrad. \u010eakujem dobrotiv\u00e9mu Bohu za tieto nezabudnute\u013en\u00e9 chv\u00edle.<\/p>\n<p><a title=\"Svatorecenie\" href=\"https:\/\/plus.google.com\/u\/0\/photos\/113195793245664134546\/albums\/6007775069913369601\" target=\"_blank\" rel=\"noopener noreferrer\">Foto\/F\u00e9nyk\u00e9pek:<\/a><\/p>\n<p>&nbsp;<\/p>\n<p>Ki ne szeretn\u00e9 \u00e1t\u00e9lni a milli\u00f3s t\u00f6meg hangulat\u00e1t a vil\u00e1g legkisebb \u00e1llam\u00e1ban? XXIII. J\u00e1nos \u00e9s II. J\u00e1nos P\u00e1l p\u00e1p\u00e1k szentt\u00e9 avat\u00e1sa az eg\u00e9sz vil\u00e1g figyelm\u00e9t mag\u00e1ra vonzotta. Ferenc p\u00e1pa e k\u00e9t szent sebeit Krisztus sebeihez hasonl\u00edtotta, melyek a hithez vezetnek. Tekints\u00e9k meg ezt a r\u00f6vid fot\u00f3-\u00f6ssze\u00e1ll\u00edt\u00e1st mag\u00e1r\u00f3l a szentt\u00e9 avat\u00e1sr\u00f3l, valamint a titokzatos \u00e9s csod\u00e1latos vatik\u00e1ni kertekr\u0151l! H\u00e1l\u00e1t adok a j\u00f3s\u00e1gos Istennek ezek\u00e9rt a felejthetetlen pillanatok\u00e9rt.\t\t\t\t<\/p>\n","protected":false},"excerpt":{"rendered":"<p>Kto by nechcel za\u017ei\u0165 \u00fa\u017easn\u00fa atmosf\u00e9ru mili\u00f3nov\u00e9ho davu v&nbsp;najmen\u0161om \u0161t\u00e1te sveta? Udalos\u0165 sv\u00e4tore\u010denia p\u00e1pe\u017eov J\u00e1na XXIII. a&nbsp;J\u00e1na Pavla II. pritiahla pozornos\u0165 cel\u00e9ho sveta.<\/p>\n","protected":false},"author":1,"featured_media":1672,"comment_status":"closed","ping_status":"closed","sticky":false,"template":"","format":"standard","meta":{"footnotes":""},"categories":[5],"tags":[24],"class_list":{"0":"entry","1":"post","2":"publish","3":"author-marian-jasenoveceltras-sk","4":"has-excerpt","5":"has-more-link","6":"post-1671","8":"format-standard","9":"has-post-thumbnail","10":"category-aktuality","11":"post_tag-aktuality"},"_links":{"self":[{"href":"https:\/\/www.farakostolna.sk\/index.php?rest_route=\/wp\/v2\/posts\/1671","targetHints":{"allow":["GET"]}}],"collection":[{"href":"https:\/\/www.farakostolna.sk\/index.php?rest_route=\/wp\/v2\/posts"}],"about":[{"href":"https:\/\/www.farakostolna.sk\/index.php?rest_route=\/wp\/v2\/types\/post"}],"author":[{"embeddable":true,"href":"https:\/\/www.farakostolna.sk\/index.php?rest_route=\/wp\/v2\/users\/1"}],"replies":[{"embeddable":true,"href":"https:\/\/www.farakostolna.sk\/index.php?rest_route=%2Fwp%2Fv2%2Fcomments&post=1671"}],"version-history":[{"count":0,"href":"https:\/\/www.farakostolna.sk\/index.php?rest_route=\/wp\/v2\/posts\/1671\/revisions"}],"wp:featuredmedia":[{"embeddable":true,"href":"https:\/\/www.farakostolna.sk\/index.php?rest_route=\/"}],"wp:attachment":[{"href":"https:\/\/www.farakostolna.sk\/index.php?rest_route=%2Fwp%2Fv2%2Fmedia&parent=1671"}],"wp:term":[{"taxonomy":"category","embeddable":true,"href":"https:\/\/www.farakostolna.sk\/index.php?rest_route=%2Fwp%2Fv2%2Fcategories&post=1671"},{"taxonomy":"post_tag","embeddable":true,"href":"https:\/\/www.farakostolna.sk\/index.php?rest_route=%2Fwp%2Fv2%2Ftags&post=1671"}],"curies":[{"name":"wp","href":"https:\/\/api.w.org\/{rel}","templated":true}]}}