{"id":1656,"date":"2014-04-23T10:11:28","date_gmt":"2014-04-23T10:11:28","guid":{"rendered":"http:\/\/kostolna.fara.sk\/?p=1656"},"modified":"2014-04-23T10:11:28","modified_gmt":"2014-04-23T10:11:28","slug":"skauti-sa-pripravovali-na-velku-noc-husveti-elokeszuletek-cserkeszmodra","status":"publish","type":"post","link":"https:\/\/www.farakostolna.sk\/?p=1656","title":{"rendered":"Skauti sa pripravovali na Ve\u013ek\u00fa noc \/ H\u00fasv\u00e9ti el\u0151k\u00e9sz\u00fcletek cserk\u00e9szm\u00f3dra"},"content":{"rendered":"<p>\t\t\t\t<a href=\"http:\/\/kostolna.fara.sk\/wp-content\/uploads\/2014\/04\/DSC02745.jpg\"><img loading=\"lazy\" decoding=\"async\" class=\"alignleft size-thumbnail wp-image-1664\" alt=\"DSC02745\" src=\"http:\/\/kostolna.fara.sk\/wp-content\/uploads\/2014\/04\/DSC02745-150x150.jpg\" width=\"150\" height=\"150\"><\/a>Skauti sa zi\u0161li aj tento rok, aby sa v\u00fdrobou r\u00f4znych ve\u013ekono\u010dn\u00fdch ozd\u00f4b a ma\u0161k\u0155t spolo\u010dne pripravovali na sviatky.&nbsp; V&nbsp;Hrubom \u0160\u00fare sme sa stretli na Bielu sobotu, aby sme pokra\u010dovali v&nbsp;tejto peknej trad\u00edcii. <!--more-->K\u00fdm sa vaj\u00ed\u010dka uvarili, hrali sme sa skautsk\u00e9 hry. Na pr\u00edpravu \u010dokol\u00e1dov\u00fdch vaj\u00ed\u010dok sme pou\u017eili mal\u00e9 bal\u00f3niky, ktor\u00e9 pri nam\u00e1\u010dan\u00ed neraz vypukli sp\u00f4sobiac vesel\u00e9 chv\u00edle. V&nbsp;Kostolnej sa zi\u0161li nielen skauti ale aj&nbsp;deti, ktor\u00e9 nie s\u00fa skautmi a&nbsp;rodi\u010dia v nede\u013eu. Prostredn\u00edctvom tradi\u010dn\u00fdch (farbenie odvarom z cibu\u013eov\u00fdch \u0161upiek) a&nbsp;nov\u0161\u00edch techn\u00edk (zdobenie cukr\u00edkmi) sa zrodilo viac druhov ve\u013ekono\u010dn\u00fdch vaj\u00ed\u010dok. No k&nbsp;\u0161iba\u010dke nesmie ch\u00fdba\u0165 korb\u00e1\u010d, tak\u017ee sme si mohli vyrobi\u0165 aj korb\u00e1\u010de a&nbsp;pekne ich vyzdobi\u0165.<\/p>\n<p>Chceme sa po\u010fakova\u0165 v\u0161etk\u00fdm, ktor\u00ed n\u00e1m pom\u00e1hali s&nbsp;pr\u00edpravami a&nbsp;ktor\u00ed sa z\u00fa\u010dastnili na t\u00fdchto akci\u00e1ch.<\/p>\n<p><a title=\"Fotky\" href=\"https:\/\/plus.google.com\/photos\/102366263272991735532\/albums\/6004623783141585217\" target=\"_blank\" rel=\"noopener noreferrer\">Fotky\/F\u00e9nyk\u00e9pek<\/a><\/p>\n<p>A cserk\u00e9szek \u00f6sszefogtak, \u00e9s az id\u00e9n is k\u00f6z\u00f6sen k\u00e9sz\u00fcltek a h\u00fasv\u00e9tra \u2013 Egyh\u00e1zf\u00e1n \u00e9s Hegys\u00faron is \u2013 toj\u00e1sfest\u00e9ssel, korb\u00e1csk\u00e9sz\u00edt\u00e9ssel, csokis t\u00e1l \u00e9s egy\u00e9b finoms\u00e1gok elk\u00e9sz\u00edt\u00e9s\u00e9vel. Hegys\u00faron nagyszombaton gy\u0171lt\u00fcnk \u00f6ssze, hogy folytassuk ezt a sz\u00e9p hagyom\u00e1nyt. Voltak sikeres pillanatok, mikor sz\u00e9pen siker\u00fcltek a&nbsp;kifestett, lakkos toj\u00e1sok, voltak vicces pillanatok, mikor a&nbsp;csokiba m\u00e1rtott lufi elpukkant, \u00e9s persze vid\u00e1m pillanatok is, mikor j\u00e1t\u00e9kkal t\u00f6lt\u00f6tt\u00fck ki az id\u0151t, m\u00edg a&nbsp;toj\u00e1s megf\u0151. Egyh\u00e1zf\u00e1n vas\u00e1rnap lehett\u00fcnk r\u00e9szesei a&nbsp;h\u00fasv\u00e9ti el\u0151k\u00e9sz\u00fcleteknek. Sok gyerek, anyuka \u00e9s apuka is r\u00e9szt vett, cserk\u00e9szek \u00e9s nem cserk\u00e9szek egyar\u00e1nt. Itt is t\u00f6bbfajta toj\u00e1st lehetett k\u00e9sz\u00edteni. P\u00e9ld\u00e1ul hagymah\u00e9jjal festett toj\u00e1st vagy cukork\u00e1val bor\u00edtottat. \u00c9s persze milyen is lenne az \u00f6r\u00f6m, ha a&nbsp;l\u00e1nyokat nem lenne mivel elkorb\u00e1csolni? K\u00e9sz\u00edthett\u00fcnk teh\u00e1t korb\u00e1csokat is, melyeket szalagokkal d\u00edsz\u00edtett\u00fcnk.<\/p>\n<p>K\u00f6sz\u00f6nettel tartozunk mindenkinek, aki beseg\u00edtett az el\u0151k\u00e9sz\u00fcletekbe, aki r\u00e9szt vett \u00e9s hozz\u00e1j\u00e1rult a&nbsp;j\u00f3 hangulat megteremt\u00e9s\u00e9hez.\t\t\t\t<\/p>\n","protected":false},"excerpt":{"rendered":"<p>Skauti sa zi\u0161li aj tento rok, aby sa v\u00fdrobou r\u00f4znych ve\u013ekono\u010dn\u00fdch ozd\u00f4b a ma\u0161k\u0155t spolo\u010dne pripravovali na sviatky.&nbsp; V&nbsp;Hrubom \u0160\u00fare sme sa stretli na Bielu sobotu, aby sme pokra\u010dovali v&nbsp;tejto peknej trad\u00edcii.<\/p>\n","protected":false},"author":1,"featured_media":1664,"comment_status":"closed","ping_status":"closed","sticky":false,"template":"","format":"standard","meta":{"footnotes":""},"categories":[5],"tags":[24],"class_list":{"0":"entry","1":"post","2":"publish","3":"author-marian-jasenoveceltras-sk","4":"has-excerpt","5":"has-more-link","6":"post-1656","8":"format-standard","9":"has-post-thumbnail","10":"category-aktuality","11":"post_tag-aktuality"},"_links":{"self":[{"href":"https:\/\/www.farakostolna.sk\/index.php?rest_route=\/wp\/v2\/posts\/1656","targetHints":{"allow":["GET"]}}],"collection":[{"href":"https:\/\/www.farakostolna.sk\/index.php?rest_route=\/wp\/v2\/posts"}],"about":[{"href":"https:\/\/www.farakostolna.sk\/index.php?rest_route=\/wp\/v2\/types\/post"}],"author":[{"embeddable":true,"href":"https:\/\/www.farakostolna.sk\/index.php?rest_route=\/wp\/v2\/users\/1"}],"replies":[{"embeddable":true,"href":"https:\/\/www.farakostolna.sk\/index.php?rest_route=%2Fwp%2Fv2%2Fcomments&post=1656"}],"version-history":[{"count":0,"href":"https:\/\/www.farakostolna.sk\/index.php?rest_route=\/wp\/v2\/posts\/1656\/revisions"}],"wp:featuredmedia":[{"embeddable":true,"href":"https:\/\/www.farakostolna.sk\/index.php?rest_route=\/"}],"wp:attachment":[{"href":"https:\/\/www.farakostolna.sk\/index.php?rest_route=%2Fwp%2Fv2%2Fmedia&parent=1656"}],"wp:term":[{"taxonomy":"category","embeddable":true,"href":"https:\/\/www.farakostolna.sk\/index.php?rest_route=%2Fwp%2Fv2%2Fcategories&post=1656"},{"taxonomy":"post_tag","embeddable":true,"href":"https:\/\/www.farakostolna.sk\/index.php?rest_route=%2Fwp%2Fv2%2Ftags&post=1656"}],"curies":[{"name":"wp","href":"https:\/\/api.w.org\/{rel}","templated":true}]}}