{"id":1643,"date":"2014-04-20T05:09:07","date_gmt":"2014-04-20T05:09:07","guid":{"rendered":"http:\/\/kostolna.fara.sk\/?p=1643"},"modified":"2014-04-20T05:09:07","modified_gmt":"2014-04-20T05:09:07","slug":"farska-krizova-cesta-v-mariankekeresztut-mariavolgyben","status":"publish","type":"post","link":"https:\/\/www.farakostolna.sk\/?p=1643","title":{"rendered":"Farsk\u00e1 kr\u00ed\u017eov\u00e1 cesta v Marianke\/Kereszt\u00fat M\u00e1riav\u00f6lgyben"},"content":{"rendered":"<p>\t\t\t\t<a href=\"http:\/\/kostolna.fara.sk\/wp-content\/uploads\/2014\/04\/IMG_2290.jpg\"><img loading=\"lazy\" decoding=\"async\" class=\"alignleft size-thumbnail wp-image-1646\" alt=\"IMG_2290\" src=\"http:\/\/kostolna.fara.sk\/wp-content\/uploads\/2014\/04\/IMG_2290-150x150.jpg\" width=\"150\" height=\"150\"><\/a><\/p>\n<p>Na Ve\u013ek\u00fd piatok 18. apr\u00edla 2014 sme sa &nbsp;vybrali z na\u0161ej farnosti do Mari\u00e1nky, aby sme sa spolo\u010dne pomodlili kr\u00ed\u017eov\u00fa cestu.&nbsp;<!--more--> V\u00e4\u010d\u0161ina sme i\u0161li autobusom, kde sa oz\u00fdval vesel\u00fd d\u017eavot det\u00ed a niektor\u00ed sa k n\u00e1m aj autami pridali. Jednotliv\u00e9 zastavenia \u010d\u00edtali dvojjazy\u010dne dospel\u00ed aj deti, pri\u010dom dospel\u00ed sa modlili za svoje deti a deti za svojich rodi\u010dov. Medzi zastaveniami sme spievali <i>Bol si tam, ke\u010f bol umu\u010den\u00fd P\u00e1n<\/i> a modlili sa.<\/p>\n<p>Bolo to povzbudiv\u00e9 na takom po\u017eehnanom mieste sa v de\u0148 pamiatky ukri\u017eovania P\u00e1na spolo\u010dne pomodli\u0165 a pripomen\u00fa\u0165 si tie ve\u013ek\u00e9 veci, \u010do pre n\u00e1s Je\u017ei\u0161 urobil. P\u00e1n Boh mal z n\u00e1s rados\u0165, ke\u010f n\u00e1m daroval kr\u00e1sne po\u010dasie. Po kr\u00ed\u017eovej ceste sme sa posilnili aj z\u00e1zra\u010dnou vodou a prezreli si toto p\u00fatnick\u00e9 miesto, kde bolo v ten de\u0148 obzvl\u00e1\u0161\u0165 viac p\u00fatnikov. Pred odchodom sme sa e\u0161te pomodlili v kostole.<\/p>\n<p>\u010eakujeme Nebesk\u00e9mu Otcovi a Nebeskej Matke za tento po\u017eehnan\u00fd \u010das a pros\u00edme o po\u017eehnanie pre n\u00e1\u0161ho p\u00e1na far\u00e1ra a na\u0161u farnos\u0165. +<\/p>\n<p><a title=\"Foto\" href=\"https:\/\/plus.google.com\/u\/0\/photos\/113195793245664134546\/albums\/6004108918025061313\" target=\"_blank\" rel=\"noopener noreferrer\">Fotky\/F\u00e9nyk\u00e9pek:<\/a><\/p>\n<p>&nbsp;<\/p>\n<p style=\"text-align: left;\">&nbsp;&nbsp;&nbsp;&nbsp;&nbsp;&nbsp;&nbsp;&nbsp;&nbsp;&nbsp;&nbsp; Nagyp\u00e9nteken, 2014. \u00e1prilis 18-\u00e1n, pl\u00e9b\u00e1niak\u00f6zs\u00e9g\u00fcnkb\u0151l M\u00e1riav\u00f6lgybe zar\u00e1ndokoltunk, hogy k\u00f6z\u00f6sen elim\u00e1dkozzuk a keresztutat. Az aut\u00f3busz, amellyel a h\u00edvek t\u00f6bbs\u00e9ge utazott, gyerekzsivajt\u00f3l volt hangos, s voltak, akik aut\u00f3val j\u00f6ttek. A kereszt\u00fat egyes \u00e1llom\u00e1sait k\u00e9t nyelven olvast\u00e1k feln\u0151ttek \u00e9s gyerekek egyar\u00e1nt: a sz\u00fcl\u0151k gyermekeik\u00e9rt im\u00e1dkoztak, a gyerekek pedig sz\u00fcleik\u00e9rt. Az \u00e1llom\u00e1sok k\u00f6z\u00f6tt \u00e9nekelt\u00fcnk \u00e9s im\u00e1dkoztunk.<\/p>\n<p style=\"text-align: left;\">&nbsp;&nbsp;&nbsp;&nbsp;&nbsp;&nbsp;&nbsp;&nbsp;&nbsp;&nbsp;&nbsp; Felemel\u0151 volt egy ilyen szent helyen Urunk k\u00ednszenved\u00e9s\u00e9nek napj\u00e1n im\u00e1dkozni \u00e9s feleleven\u00edteni mindazokat a nagy dolgokat, amelyeket J\u00e9zus \u00e9rt\u00fcnk tett. A j\u00f3 Isten bizony\u00e1ra \u00f6r\u00f6m\u00e9t lelte benn\u00fcnk, hiszen gy\u00f6ny\u00f6r\u0171 id\u0151vel aj\u00e1nd\u00e9kozott meg. A kereszt\u00fat ut\u00e1n \u00faj er\u0151re kaptunk a csodat\u00e9v\u0151 v\u00edzt\u0151l, s kicsit k\u00f6r\u00fcln\u00e9zt\u00fcnk a zar\u00e1ndokhelyen, ahova aznap rendk\u00edv\u00fcl sokan l\u00e1togattak el. Indul\u00e1s el\u0151tt m\u00e9g im\u00e1dkoztunk egyet a templomban.<\/p>\n<p style=\"text-align: left;\">&nbsp;&nbsp;&nbsp;&nbsp;&nbsp;&nbsp;&nbsp;&nbsp;&nbsp;&nbsp;&nbsp; H\u00e1l\u00e1t adunk a mennyei Aty\u00e1nak \u00e9s a mennyei \u00c9desany\u00e1nak ez\u00e9rt a zar\u00e1ndoklat\u00e9rt, s k\u00e9rj\u00fck a j\u00f3 Isten \u00e1ld\u00e1s\u00e1t pl\u00e9b\u00e1nos aty\u00e1nkra \u00e9s eg\u00e9sz pl\u00e9b\u00e1niak\u00f6zs\u00e9g\u00fcnkre.<\/p>\n","protected":false},"excerpt":{"rendered":"<p>Na Ve\u013ek\u00fd piatok 18. apr\u00edla 2014 sme sa &nbsp;vybrali z na\u0161ej farnosti do Mari\u00e1nky, aby sme sa spolo\u010dne pomodlili kr\u00ed\u017eov\u00fa cestu.&nbsp;<\/p>\n","protected":false},"author":1,"featured_media":1645,"comment_status":"closed","ping_status":"closed","sticky":false,"template":"","format":"standard","meta":{"footnotes":""},"categories":[5],"tags":[24],"class_list":{"0":"entry","1":"post","2":"publish","3":"author-marian-jasenoveceltras-sk","4":"has-excerpt","5":"has-more-link","6":"post-1643","8":"format-standard","9":"has-post-thumbnail","10":"category-aktuality","11":"post_tag-aktuality"},"_links":{"self":[{"href":"https:\/\/www.farakostolna.sk\/index.php?rest_route=\/wp\/v2\/posts\/1643","targetHints":{"allow":["GET"]}}],"collection":[{"href":"https:\/\/www.farakostolna.sk\/index.php?rest_route=\/wp\/v2\/posts"}],"about":[{"href":"https:\/\/www.farakostolna.sk\/index.php?rest_route=\/wp\/v2\/types\/post"}],"author":[{"embeddable":true,"href":"https:\/\/www.farakostolna.sk\/index.php?rest_route=\/wp\/v2\/users\/1"}],"replies":[{"embeddable":true,"href":"https:\/\/www.farakostolna.sk\/index.php?rest_route=%2Fwp%2Fv2%2Fcomments&post=1643"}],"version-history":[{"count":0,"href":"https:\/\/www.farakostolna.sk\/index.php?rest_route=\/wp\/v2\/posts\/1643\/revisions"}],"wp:featuredmedia":[{"embeddable":true,"href":"https:\/\/www.farakostolna.sk\/index.php?rest_route=\/"}],"wp:attachment":[{"href":"https:\/\/www.farakostolna.sk\/index.php?rest_route=%2Fwp%2Fv2%2Fmedia&parent=1643"}],"wp:term":[{"taxonomy":"category","embeddable":true,"href":"https:\/\/www.farakostolna.sk\/index.php?rest_route=%2Fwp%2Fv2%2Fcategories&post=1643"},{"taxonomy":"post_tag","embeddable":true,"href":"https:\/\/www.farakostolna.sk\/index.php?rest_route=%2Fwp%2Fv2%2Ftags&post=1643"}],"curies":[{"name":"wp","href":"https:\/\/api.w.org\/{rel}","templated":true}]}}