{"id":1624,"date":"2014-04-05T21:18:53","date_gmt":"2014-04-05T21:18:53","guid":{"rendered":"http:\/\/kostolna.fara.sk\/?p=1624"},"modified":"2014-04-05T21:18:53","modified_gmt":"2014-04-05T21:18:53","slug":"modlitbove-trojdnieedesanyak-imahetvegeje","status":"publish","type":"post","link":"https:\/\/www.farakostolna.sk\/?p=1624","title":{"rendered":"Modlitbov\u00e9 trojdnie\/\u00c9desany\u00e1k imah\u00e9tv\u00e9g\u00e9je"},"content":{"rendered":"<p>\t\t\t\t<i>\u201eKto prijme toto die\u0165a v mojom mene, m\u0148a prij\u00edma. A kto prij\u00edma m\u0148a, prij\u00edma toho, ktor\u00fd ma poslal. Lebo kto je medzi vami najmen\u0161\u00ed, ten je ve\u013ek\u00fd.\u201c(Lk 9,48)<\/i><\/p>\n<p><!--more-->V d\u0148och 28. &#8211; 30. marca 2014 sa aj na\u0161a farnos\u0165 pridala k modlitbov\u00e9mu trojdniu matiek. Tentokr\u00e1t sme sa ka\u017ed\u00fd de\u0148 modlili &nbsp;na inom mieste na\u0161ej farnosti. V piatok sme P\u00e1na&nbsp;&nbsp;odprosovali za svoje hriechy v kaplnke v Hrubom \u0160\u00fari.&nbsp;&nbsp;V sobotu sme &nbsp;odprosovali za t\u00fdch, ktor\u00ed ubl\u00ed\u017eili n\u00e1m a na\u0161im de\u0165om&nbsp;&nbsp;v Hrubej Bor\u0161i a v nede\u013eu sme vo farskom kostole v Kostolnej &nbsp;\u010fakovali a chv\u00e1lili P\u00e1na za v\u0161etko, \u010do spravil v na\u0161ich \u017eivotoch. Mil\u00e9 bolo, \u017ee po ka\u017edej modlitbe sme sa zi\u0161li na spolo\u010dnom agap\u00e9, ktor\u00e9 vyvrcholilo v nede\u013eu.<\/p>\n<p>Modlitbov\u00e9 trojdnie sa v na\u0161ej farnosti uskuto\u010dnilo druh\u00fdkr\u00e1t, z \u010doho m\u00e1me ve\u013ek\u00fa rados\u0165. Je to ve\u013ek\u00e1 milos\u0165 pre n\u00e1s pr\u00edtomn\u00fdch, pre cel\u00fa na\u0161u farnos\u0165 i cirkev. \u010eakujeme n\u00e1\u0161mu p\u00e1novi far\u00e1rovi, \u017ee n\u00e1m vylo\u017eil sviatos\u0165 Olt\u00e1rnu a s nami pre\u017eil tieto vz\u00e1cne chv\u00edle. Ver\u00edme, \u017ee sa P\u00e1n Boh pote\u0161il, lebo si poz\u00fdva \u010fal\u0161ie mami\u010dky, aby sa modlili za svoje deti, to je kr\u00e1sne ovocie:) Ke\u010f P\u00e1n Boh d\u00e1, v j\u00fani sa budeme op\u00e4\u0165 te\u0161i\u0165 modlitbov\u00e9mu trojdniu.<\/p>\n<p><a title=\"Foto\" href=\"https:\/\/plus.google.com\/u\/0\/photos\/113195793245664134546\/albums\/5998917789688734721\" target=\"_blank\" rel=\"noopener noreferrer\">&nbsp;Fotky\/F\u00e9nyk\u00e9pek:<\/a><\/p>\n<p>&nbsp;<\/p>\n<p><i>\u201e<\/i><i>Aki befogadja ezt a gyermeket az \u00e9n nevemben, engem fogad be; \u00e9s aki engem befogad, azt fogadja be, aki engem k\u00fcld\u00f6tt. Mert aki a legkisebb mindny\u00e1jatok k\u00f6z\u00f6tt, az a legnagyobb.\u201d (Lk 9, 48)<\/i><\/p>\n<p>2014. m\u00e1rcius 28-t\u00f3l \u00e9s 30-ig pl\u00e9b\u00e1niak\u00f6zs\u00e9g\u00fcnk is csatlakozott az \u00e9desany\u00e1k imah\u00e9tv\u00e9g\u00e9j\u00e9hez. Ez alkalommal minden nap m\u00e1s helysz\u00ednen im\u00e1dkoztunk. P\u00e9nteken a hegys\u00fari k\u00e1poln\u00e1ban k\u00f6ny\u00f6r\u00f6gt\u00fcnk b\u0171neink bocs\u00e1nat\u00e1\u00e9rt. Szombaton Nagybors\u00e1n im\u00e1dkoztunk azok\u00e9rt, akik megb\u00e1ntottak minket vagy gyermekeinket, vas\u00e1rnap pedig Egyh\u00e1zf\u00e1n a pl\u00e9b\u00e1niatemplomban adtunk h\u00e1l\u00e1t az \u00darnak, \u00e9s dics\u0151\u00edtett\u00fck \u0150t mindaz\u00e9rt, amit \u00e9let\u00fcnkben tett. Mindegyik ima\u00f3ra ut\u00e1n k\u00f6z\u00f6s agap\u00e9 k\u00f6vetkezett, s vas\u00e1rnap az eg\u00e9sz imah\u00e9tv\u00e9ge lez\u00e1r\u00e1sak\u00e9nt a pasztor\u00e1ci\u00f3s k\u00f6zpontban gy\u0171lt\u00fcnk \u00f6ssze szeretetlakom\u00e1ra.<\/p>\n<p>Nagy \u00f6r\u00f6mmel t\u00f6lt el, hogy m\u00e1r m\u00e1sodik alkalommal ker\u00fclt sor pl\u00e9b\u00e1niak\u00f6zs\u00e9g\u00fcnkben az \u00e9desany\u00e1k imah\u00e9tv\u00e9g\u00e9j\u00e9re. Nagy kegyelem ez nemcsak sz\u00e1munkra, akik r\u00e9szt vett\u00fcnk az ima\u00f3r\u00e1kon, hanem eg\u00e9sz pl\u00e9b\u00e1niak\u00f6zs\u00e9g\u00fcnk \u00e9s egyh\u00e1zunk sz\u00e1m\u00e1ra is. K\u00f6sz\u00f6netet mondunk pl\u00e9b\u00e1nos aty\u00e1nknak, hogy kihelyezte az Olt\u00e1riszents\u00e9get, s hogy vel\u00fcnk egy\u00fctt t\u00f6lt\u00f6tte ezeket az \u00e9rt\u00e9kes pillanatokat. Hissz\u00fck, hogy mindez kedves az \u00dar el\u0151tt, mert \u00fajabb \u00e9desany\u00e1kat sz\u00f3l\u00edt meg, hogy im\u00e1dkozzanak gyermekeik\u00e9rt, ami \u00e9rt\u00e9kes gy\u00fcm\u00f6lcsJ. Ha a j\u00f3 Isten is \u00fagy akarja, j\u00faniusban ism\u00e9t \u00e9lvezhetj\u00fck az imah\u00e9tv\u00e9ge \u00f6r\u00f6m\u00e9t.<\/p>\n<p>&nbsp;\t\t\t\t<\/p>\n","protected":false},"excerpt":{"rendered":"<p>\u201eKto prijme toto die\u0165a v mojom mene, m\u0148a prij\u00edma. A kto prij\u00edma m\u0148a, prij\u00edma toho, ktor\u00fd ma poslal. Lebo kto je medzi vami najmen\u0161\u00ed, ten je ve\u013ek\u00fd.\u201c(Lk 9,48)<\/p>\n","protected":false},"author":1,"featured_media":1632,"comment_status":"closed","ping_status":"closed","sticky":false,"template":"","format":"standard","meta":{"footnotes":""},"categories":[5],"tags":[24],"class_list":{"0":"entry","1":"post","2":"publish","3":"author-marian-jasenoveceltras-sk","4":"has-excerpt","5":"has-more-link","6":"post-1624","8":"format-standard","9":"has-post-thumbnail","10":"category-aktuality","11":"post_tag-aktuality"},"_links":{"self":[{"href":"https:\/\/www.farakostolna.sk\/index.php?rest_route=\/wp\/v2\/posts\/1624","targetHints":{"allow":["GET"]}}],"collection":[{"href":"https:\/\/www.farakostolna.sk\/index.php?rest_route=\/wp\/v2\/posts"}],"about":[{"href":"https:\/\/www.farakostolna.sk\/index.php?rest_route=\/wp\/v2\/types\/post"}],"author":[{"embeddable":true,"href":"https:\/\/www.farakostolna.sk\/index.php?rest_route=\/wp\/v2\/users\/1"}],"replies":[{"embeddable":true,"href":"https:\/\/www.farakostolna.sk\/index.php?rest_route=%2Fwp%2Fv2%2Fcomments&post=1624"}],"version-history":[{"count":0,"href":"https:\/\/www.farakostolna.sk\/index.php?rest_route=\/wp\/v2\/posts\/1624\/revisions"}],"wp:featuredmedia":[{"embeddable":true,"href":"https:\/\/www.farakostolna.sk\/index.php?rest_route=\/"}],"wp:attachment":[{"href":"https:\/\/www.farakostolna.sk\/index.php?rest_route=%2Fwp%2Fv2%2Fmedia&parent=1624"}],"wp:term":[{"taxonomy":"category","embeddable":true,"href":"https:\/\/www.farakostolna.sk\/index.php?rest_route=%2Fwp%2Fv2%2Fcategories&post=1624"},{"taxonomy":"post_tag","embeddable":true,"href":"https:\/\/www.farakostolna.sk\/index.php?rest_route=%2Fwp%2Fv2%2Ftags&post=1624"}],"curies":[{"name":"wp","href":"https:\/\/api.w.org\/{rel}","templated":true}]}}