{"id":1601,"date":"2014-03-09T20:40:34","date_gmt":"2014-03-09T20:40:34","guid":{"rendered":"http:\/\/kostolna.fara.sk\/?p=1601"},"modified":"2014-03-09T20:40:34","modified_gmt":"2014-03-09T20:40:34","slug":"farska-put-do-medzugoria","status":"publish","type":"post","link":"https:\/\/www.farakostolna.sk\/?p=1601","title":{"rendered":"Farsk\u00e1 p\u00fa\u0165 do Med\u017eugoria"},"content":{"rendered":"<p>\t\t\t\t<a href=\"http:\/\/kostolna.fara.sk\/wp-content\/uploads\/2014\/03\/medjugorje_19399.jpg\"><img loading=\"lazy\" decoding=\"async\" class=\"alignleft size-thumbnail wp-image-1606\" alt=\"medjugorje_19399\" src=\"http:\/\/kostolna.fara.sk\/wp-content\/uploads\/2014\/03\/medjugorje_19399-150x150.jpg\" width=\"150\" height=\"150\"><\/a>Medzi najkraj\u0161ie duchovn\u00e9 z\u00e1\u017eitky patr\u00ed nieko\u013ekod\u0148ov\u00ed pobyt v&nbsp;Med\u017eugorii. Poz\u00fdvame v\u00e1s aj tento rok z&nbsp;na\u0161ej farnosti na farsk\u00fa p\u00fa\u0165 do Med\u017eugoria v&nbsp;posledn\u00fd m\u00e1jov\u00fd t\u00fd\u017ede\u0148 (25.-31.5. 2014). <!--more-->Ka\u017ed\u00fd, kto sa z\u00fa\u010dastn\u00ed, m\u00e1 zabezpe\u010den\u00fd nezabudnute\u013en\u00fd t\u00fd\u017ede\u0148 v&nbsp;kruhu skvel\u00fdch \u013eud\u00ed, pestr\u00fd program spojen\u00fd s na\u010derpan\u00edm duchovn\u00fdch a&nbsp;fyzick\u00fdch s\u00edl, mo\u017enos\u0165 obnovy \u017eivotn\u00fdch predsavzat\u00ed, osvie\u017eenie v&nbsp;Jadranskom mori&#8230; a&nbsp;to v\u0161etko za dobr\u00fa cenu. Nev\u00e1hajte a&nbsp;prihl\u00e1ste sa \u010d\u00edm sk\u00f4r. Po\u010det \u013eud\u00ed na t\u00fato p\u00fa\u0165 je limitovan\u00fd.<\/p>\n<p><a title=\"Put do Medzugorje\" href=\"http:\/\/kostolna.fara.sk\/wp-content\/uploads\/2014\/03\/2014.03.09.-MEDZUGORJE.pdf\" target=\"_blank\" rel=\"noopener noreferrer\">Viac tu: program p\u00fate<\/a><\/p>\n<p>Ako to vyzeralo v&nbsp;minul\u00fdch rokoch, nahliadnite tu.<\/p>\n<p><a href=\"https:\/\/picasaweb.google.com\/116452041008470663687\/Medzugorje201203\">https:\/\/picasaweb.google.com\/116452041008470663687\/Medzugorje201203<\/a><\/p>\n<p><a href=\"https:\/\/picasaweb.google.com\/116452041008470663687\/Medzugorje2011\">https:\/\/picasaweb.google.com\/116452041008470663687\/Medzugorje2011<\/a><\/p>\n<p>Medjugorjei zar\u00e1ndoklat<\/p>\n<p>Elzar\u00e1ndokolni Medjugorj\u00e9ba a legszebb lelki \u00e9lm\u00e9nyek k\u00f6z\u00e9 tartozik. Pl\u00e9b\u00e1niak\u00f6zs\u00e9g\u00fcnkb\u0151l az id\u00e9n is lehet\u0151s\u00e9g ny\u00edlik erre m\u00e1jus utols\u00f3 h\u00e9tv\u00e9g\u00e9j\u00e9n (2014. 5. 25\u201331.). Minden zar\u00e1ndok felejthetetlen h\u00e9tnek n\u00e9z el\u00e9be nagyszer\u0171 emberek t\u00e1rsas\u00e1g\u00e1ban, sz\u00ednes programmal; lehet\u0151s\u00e9g\u00fck ny\u00edlik felt\u00f6lteni lelki \u00e9s testi energi\u00e1ikat, meg\u00faj\u00edtani fogadalmaikat, felfriss\u00fclni az Adriai-tengerben\u2026, s mindez j\u00f3 \u00e1ron. Ne habozzanak, \u00e9s jelentkezzenek min\u00e9l kor\u00e1bban! A helyek sz\u00e1ma korl\u00e1tozott!<\/p>\n<p>B\u0151vebben: a zar\u00e1ndoklat programja<\/p>\n<p>\u00cdzel\u00edt\u0151 az elm\u00falt \u00e9vekb\u0151l.<\/p>\n<p><a href=\"https:\/\/picasaweb.google.com\/116452041008470663687\/Medzugorje201203\">https:\/\/picasaweb.google.com\/116452041008470663687\/Medzugorje201203<\/a><\/p>\n<p><a href=\"https:\/\/picasaweb.google.com\/116452041008470663687\/Medzugorje2011\">https:\/\/picasaweb.google.com\/116452041008470663687\/Medzugorje2011<\/a>\t\t\t\t<\/p>\n","protected":false},"excerpt":{"rendered":"<p>Medzi najkraj\u0161ie duchovn\u00e9 z\u00e1\u017eitky patr\u00ed nieko\u013ekod\u0148ov\u00ed pobyt v&nbsp;Med\u017eugorii. Poz\u00fdvame v\u00e1s aj tento rok z&nbsp;na\u0161ej farnosti na farsk\u00fa p\u00fa\u0165 do Med\u017eugoria v&nbsp;posledn\u00fd m\u00e1jov\u00fd t\u00fd\u017ede\u0148 (25.-31.5. 2014).<\/p>\n","protected":false},"author":1,"featured_media":1606,"comment_status":"closed","ping_status":"closed","sticky":false,"template":"","format":"standard","meta":{"footnotes":""},"categories":[5],"tags":[24],"class_list":{"0":"entry","1":"post","2":"publish","3":"author-marian-jasenoveceltras-sk","4":"has-excerpt","5":"has-more-link","6":"post-1601","8":"format-standard","9":"has-post-thumbnail","10":"category-aktuality","11":"post_tag-aktuality"},"_links":{"self":[{"href":"https:\/\/www.farakostolna.sk\/index.php?rest_route=\/wp\/v2\/posts\/1601","targetHints":{"allow":["GET"]}}],"collection":[{"href":"https:\/\/www.farakostolna.sk\/index.php?rest_route=\/wp\/v2\/posts"}],"about":[{"href":"https:\/\/www.farakostolna.sk\/index.php?rest_route=\/wp\/v2\/types\/post"}],"author":[{"embeddable":true,"href":"https:\/\/www.farakostolna.sk\/index.php?rest_route=\/wp\/v2\/users\/1"}],"replies":[{"embeddable":true,"href":"https:\/\/www.farakostolna.sk\/index.php?rest_route=%2Fwp%2Fv2%2Fcomments&post=1601"}],"version-history":[{"count":0,"href":"https:\/\/www.farakostolna.sk\/index.php?rest_route=\/wp\/v2\/posts\/1601\/revisions"}],"wp:featuredmedia":[{"embeddable":true,"href":"https:\/\/www.farakostolna.sk\/index.php?rest_route=\/"}],"wp:attachment":[{"href":"https:\/\/www.farakostolna.sk\/index.php?rest_route=%2Fwp%2Fv2%2Fmedia&parent=1601"}],"wp:term":[{"taxonomy":"category","embeddable":true,"href":"https:\/\/www.farakostolna.sk\/index.php?rest_route=%2Fwp%2Fv2%2Fcategories&post=1601"},{"taxonomy":"post_tag","embeddable":true,"href":"https:\/\/www.farakostolna.sk\/index.php?rest_route=%2Fwp%2Fv2%2Ftags&post=1601"}],"curies":[{"name":"wp","href":"https:\/\/api.w.org\/{rel}","templated":true}]}}