{"id":1594,"date":"2014-03-02T15:59:28","date_gmt":"2014-03-02T15:59:28","guid":{"rendered":"http:\/\/kostolna.fara.sk\/?p=1594"},"modified":"2014-03-02T15:59:28","modified_gmt":"2014-03-02T15:59:28","slug":"duchovne-cvicenia-v-rodinkove","status":"publish","type":"post","link":"https:\/\/www.farakostolna.sk\/?p=1594","title":{"rendered":"Duchovn\u00e9 cvi\u010denia v Rodinkove"},"content":{"rendered":"<p>\t\t\t\t<a href=\"http:\/\/kostolna.fara.sk\/wp-content\/uploads\/2014\/03\/IMG_3393.jpg\"><img loading=\"lazy\" decoding=\"async\" class=\"alignleft size-thumbnail wp-image-1595\" alt=\"IMG_3393\" src=\"http:\/\/kostolna.fara.sk\/wp-content\/uploads\/2014\/03\/IMG_3393-150x150.jpg\" width=\"150\" height=\"150\"><\/a>Od 27. febru\u00e1ra do 2. marca 2014 sa z&nbsp;na\u0161ej farnosti po roku op\u00e4\u0165 konali duchovn\u00e9 cvi\u010denia pre rodiny s&nbsp;de\u0165mi s&nbsp;na\u0161\u00edm p\u00e1nom far\u00e1rom v&nbsp;Belu\u0161sk\u00fdch Slatin\u00e1ch v&nbsp;tzv. Rodinkove.<\/p>\n<p><!--more--><\/p>\n<p>Prip\u00e1jame aj \u00favahu jednej mami\u010dky na konci stranky.<\/p>\n<p><a title=\"DC2014Rodinkovo\" href=\"https:\/\/plus.google.com\/u\/0\/photos\/113195793245664134546\/albums\/5986217243825191633\" target=\"_blank\" rel=\"noopener noreferrer\">Fotky z&nbsp;Rodinkova tu \/ F\u00e9nyk\u00e9pek<\/a><\/p>\n<p><b>Lelkigyakorlat csal\u00e1doknak<\/b><\/p>\n<p>2014. febru\u00e1r 27-e \u00e9s m\u00e1rcius 2-a k\u00f6z\u00f6tt ism\u00e9t sor ker\u00fclt a&nbsp;kisgyermekes csal\u00e1dok lelkigyakorlat\u00e1ra pl\u00e9b\u00e1nos aty\u00e1nk r\u00e9szv\u00e9tel\u00e9vel a Belu\u0161sk\u00e9 Slatiny gy\u00f6ny\u00f6r\u0171 k\u00f6rnyezet\u00e9ben.<\/p>\n<p>K\u00f6z\u00f6lj\u00fck az egyik \u00e9desanya gondolatait.<\/p>\n<p>&nbsp;<\/p>\n<p><em><strong>Svedectvo<\/strong><\/em><\/p>\n<p>Ke\u010f sme sa ako man\u017eelia s&nbsp;dvoma de\u0165mi rozhodli po dlhom \u010dase a&nbsp;modlitb\u00e1ch pre rodinn\u00e9 z\u00e1zemie pr\u00e1ve v&nbsp;dedinke Hrub\u00e1 Bor\u0161a, mohli sme len tu\u0161i\u0165 ak\u00fd \u017eivot na n\u00e1s \u010dak\u00e1. Ale Boh vie, \u017ee viac ako po dome a&nbsp;pokojnom \u017eivote sme t\u00fa\u017eili po spolo\u010denstve. A&nbsp;P\u00e1n n\u00e1s nenechal dlho \u010daka\u0165. Sta\u010dila jedna sv\u00e4t\u00e1 om\u0161a v&nbsp;malej kaplnke v&nbsp;na\u0161ej obci a&nbsp;poc\u00edtili sme okam\u017eit\u00e9 prijatie matky Cirkvi&#8230; pr\u00edchu\u0165 domova v&nbsp;spolo\u010denstve.<\/p>\n<p>Ja, zanepr\u00e1zdnen\u00e1 mamka s&nbsp;dvoma mal\u00fdmi de\u0165mi na materskej dovolenke, man\u017eel Martin, zanepr\u00e1zdnen\u00fd pracovn\u00fdmi povinnos\u0165ami a&nbsp;z\u00e1rove\u0148 rodinou sme ve\u013emi v\u010fa\u010dn\u00ed, lebo to \u010do n\u00e1s posil\u0148uje je viera&#8230; pr\u00edtomnos\u0165 Boha, ktor\u00fd je pri n\u00e1s tak bl\u00edzko, ako sme bl\u00edzko v&nbsp;l\u00e1ske my k&nbsp;sebe navz\u00e1jom, k&nbsp;in\u00fdm \u013eu\u010fom. A&nbsp;to za\u017e\u00edvame aj teraz na duchovnej obnove v&nbsp;Rodinkove. Pr\u00edtomnos\u0165 l\u00e1sky, spozn\u00e1vanie rod\u00edn, zdie\u013eanie radost\u00ed i&nbsp;starost\u00ed s de\u0165mi a&nbsp;samozrejme duchovn\u00e1 posila \u2013 duchovn\u00e1 obnova.<\/p>\n<p>Kto sa r\u00e1d rozpr\u00e1va o&nbsp;bolesti a&nbsp;utrpen\u00ed? Kto n\u00e1m odpovie na na\u0161e ot\u00e1zky, ke\u010f sa v&nbsp;\u017eivote stret\u00e1me s&nbsp;chorobou, niektor\u00ed s&nbsp;ob\u010dasn\u00fdm, niektor\u00ed s&nbsp;dennodenn\u00fdm utrpen\u00edm? Otec Pavol Gajdo\u0161 n\u00e1m pon\u00fakol slovo, ktor\u00e9 m\u0148a osobne naplnilo a&nbsp;odpovedalo na v\u0161etky moje ot\u00e1zky, ktor\u00e9 som ani nemusela vyslovi\u0165.J Slovo, ktor\u00e9 d\u00e1va v\u00fdznam ka\u017edej bolesti, chorobe, utrpeniu \u2013 opieraj\u00fac sa o&nbsp;Bibliu, ale aj o&nbsp;svedectv\u00e1 konkr\u00e9tnych \u013eud\u00ed tu a&nbsp;teraz.<\/p>\n<p>Za\u017eila som v\u00f4bec svoju prv\u00fa ador\u00e1ciu, nepretr\u017eit\u00fa 24 hodinov\u00fa modlitbu na konkr\u00e9tny \u00famysel (preto\u017ee som len pred troma rokmi konvertovala do katol\u00edckej cirkvi) a&nbsp;pre m\u0148a to bol \u00fa\u017easn\u00fd z\u00e1\u017eitok.<\/p>\n<p>Ver\u00edm, \u017ee si v\u0161etci odtia\u013eto odnesieme nov\u00fd poh\u013ead na \u017eivot&#8230; Ja sa chyst\u00e1m kone\u010dne po dlhom \u010dase radova\u0165 a&nbsp;\u010fakova\u0165 za zdravie aj za tie moje boliestky a&nbsp;nefrfla\u0165 to\u013ekoJ.<\/p>\n<p>Mo\u017eno u\u017e \u010doskoro budem potrebova\u0165 \u010fal\u0161iu duchovn\u00fa obnovu, ale te\u0161\u00edm sa, ve\u010f m\u00e1me spolo\u010denstvo. Ve\u013ek\u00e1 v\u010faka otcovi Pavlovi Gajdo\u0161ovi, rodin\u00e1m z&nbsp;Hrub\u00e9ho \u0160\u00fara, zo Senca, z&nbsp;Kr\u00e1\u013eovej pri Senci, z&nbsp;Bratislavy a&nbsp;Rodinkove \u2013 d\u00fafam, \u017ee sa sem e\u0161te vr\u00e1time.<\/p>\n<p align=\"right\">Zuzana \u0160ina\u013eov\u00e1, Hrub\u00e1 Bor\u0161a<\/p>\n<p>&nbsp;<\/p>\n<p>&nbsp;\t\t\t\t<\/p>\n","protected":false},"excerpt":{"rendered":"<p>Od 27. febru\u00e1ra do 2. marca 2014 sa z&nbsp;na\u0161ej farnosti po roku op\u00e4\u0165 konali duchovn\u00e9 cvi\u010denia pre rodiny s&nbsp;de\u0165mi s&nbsp;na\u0161\u00edm p\u00e1nom far\u00e1rom v&nbsp;Belu\u0161sk\u00fdch Slatin\u00e1ch v&nbsp;tzv. Rodinkove.<\/p>\n","protected":false},"author":1,"featured_media":1596,"comment_status":"closed","ping_status":"closed","sticky":false,"template":"","format":"standard","meta":{"footnotes":""},"categories":[5],"tags":[24],"class_list":{"0":"entry","1":"post","2":"publish","3":"author-marian-jasenoveceltras-sk","4":"has-excerpt","5":"has-more-link","6":"post-1594","8":"format-standard","9":"has-post-thumbnail","10":"category-aktuality","11":"post_tag-aktuality"},"_links":{"self":[{"href":"https:\/\/www.farakostolna.sk\/index.php?rest_route=\/wp\/v2\/posts\/1594","targetHints":{"allow":["GET"]}}],"collection":[{"href":"https:\/\/www.farakostolna.sk\/index.php?rest_route=\/wp\/v2\/posts"}],"about":[{"href":"https:\/\/www.farakostolna.sk\/index.php?rest_route=\/wp\/v2\/types\/post"}],"author":[{"embeddable":true,"href":"https:\/\/www.farakostolna.sk\/index.php?rest_route=\/wp\/v2\/users\/1"}],"replies":[{"embeddable":true,"href":"https:\/\/www.farakostolna.sk\/index.php?rest_route=%2Fwp%2Fv2%2Fcomments&post=1594"}],"version-history":[{"count":0,"href":"https:\/\/www.farakostolna.sk\/index.php?rest_route=\/wp\/v2\/posts\/1594\/revisions"}],"wp:featuredmedia":[{"embeddable":true,"href":"https:\/\/www.farakostolna.sk\/index.php?rest_route=\/"}],"wp:attachment":[{"href":"https:\/\/www.farakostolna.sk\/index.php?rest_route=%2Fwp%2Fv2%2Fmedia&parent=1594"}],"wp:term":[{"taxonomy":"category","embeddable":true,"href":"https:\/\/www.farakostolna.sk\/index.php?rest_route=%2Fwp%2Fv2%2Fcategories&post=1594"},{"taxonomy":"post_tag","embeddable":true,"href":"https:\/\/www.farakostolna.sk\/index.php?rest_route=%2Fwp%2Fv2%2Ftags&post=1594"}],"curies":[{"name":"wp","href":"https:\/\/api.w.org\/{rel}","templated":true}]}}