{"id":1586,"date":"2014-02-24T13:40:52","date_gmt":"2014-02-24T13:40:52","guid":{"rendered":"http:\/\/kostolna.fara.sk\/?p=1586"},"modified":"2014-02-24T13:40:52","modified_gmt":"2014-02-24T13:40:52","slug":"po-stopach-apostola-pavla-a-panny-marie-v-turecku","status":"publish","type":"post","link":"https:\/\/www.farakostolna.sk\/?p=1586","title":{"rendered":"Po stop\u00e1ch apo\u0161tola Pavla a Panny M\u00e1rie v Turecku"},"content":{"rendered":"<p>\t\t\t\t<a href=\"http:\/\/kostolna.fara.sk\/wp-content\/uploads\/2014\/02\/IMG_3261.jpg\"><img loading=\"lazy\" decoding=\"async\" class=\"alignleft size-thumbnail wp-image-1587\" alt=\"IMG_3261\" src=\"http:\/\/kostolna.fara.sk\/wp-content\/uploads\/2014\/02\/IMG_3261-150x150.jpg\" width=\"150\" height=\"150\"><\/a>22. febru\u00e1ra 2014 sme sa cez zauj\u00edmav\u00fa prezent\u00e1ciu v&nbsp;podan\u00ed Ing. Michaly \u010cernej a&nbsp;Dominiky \u0160ef\u010d\u00edkovej, dvoch ve\u013emi sympatick\u00fdch sprievodk\u00fd\u0148, presunuli na miesta vzniku prv\u00fdch kres\u0165ansk\u00fdch spolo\u010denstiev, kde svojho \u010dasu sv\u00e4t\u00fd apo\u0161tol Pavol hl\u00e1sal evanjelium. <!--more-->Je dobr\u00e9 vedie\u0165, \u017ee Turecko nem\u00e1 len pekn\u00e9 pl\u00e1\u017ee, ale pre n\u00e1s kres\u0165anov ukr\u00fdva ve\u013ea pokladov a cennost\u00ed. Na mnoh\u00fdch miestach apo\u0161tol Pavol obracal pohanov na kres\u0165ansk\u00fa vieru a apo\u0161tol J\u00e1n sem pod\u013ea trad\u00edcie priviedol Pannu M\u00e1riu. Po predn\u00e1\u0161ke sa pokra\u010dovalo v&nbsp;\u010dulej diskusii a&nbsp;kon\u010dilo sa mal\u00fdm ob\u010derstven\u00edm. O&nbsp;p\u00fatiach a&nbsp;cest\u00e1ch do Turecka sa do\u010d\u00edtate viac na: <a href=\"http:\/\/www.avema.sk\">www.avema.sk<\/a><\/p>\n<p>&nbsp;<\/p>\n<p><a href=\"https:\/\/plus.google.com\/u\/0\/photos\/113195793245664134546\/albums\/5983595375865553905\" target=\"_blank\" rel=\"noopener noreferrer\">Fotky z&nbsp;prezent\u00e1cie tu\/F\u00e9nyk\u00e9pek<\/a><\/p>\n<p>P\u00e1l apostol \u00e9s Sz\u0171z M\u00e1ria nyom\u00e1ban T\u00f6r\u00f6korsz\u00e1gban<\/p>\n<p>2014. febru\u00e1r 22-\u00e9n k\u00e9t szimpatikus idegenvezet\u0151 h\u00f6lgy, Michala \u010cern\u00e1 \u00e9s Dominika \u0160ef\u010d\u00edkov\u00e1 prezent\u00e1ci\u00f3j\u00e1nak k\u00f6sz\u00f6nhet\u0151en azokra a helyekre kalandozhattunk el, ahol az els\u0151 kereszt\u00e9ny k\u00f6z\u00f6ss\u00e9gek l\u00e9trej\u00f6ttek, s ahol annak idej\u00e9n P\u00e1l apostol hirdette az evang\u00e9liumot. J\u00f3 tudni, hogy T\u00f6r\u00f6korsz\u00e1g nemcsak tengerpartjaival csalogat, hanem sz\u00e1munkra, kereszt\u00e9nyek sz\u00e1m\u00e1ra sok \u00e9rt\u00e9kes kincset is tartogat. Sz\u00e1mos hely P\u00e1l apostol t\u00e9r\u00edt\u00e9seihez k\u00f6thet\u0151, s a hagyom\u00e1ny szerint J\u00e1nos apostol ide vezette Sz\u0171z M\u00e1ri\u00e1t. Az el\u0151ad\u00e1s ut\u00e1n \u00e9l\u00e9nk besz\u00e9lget\u00e9s kezd\u0151d\u00f6tt, majd kis megvend\u00e9gel\u00e9ssel z\u00e1rtuk a tal\u00e1lkoz\u00f3t. A t\u00f6r\u00f6korsz\u00e1gi zar\u00e1ndoklatokr\u00f3l \u00e9s utaz\u00e1sokr\u00f3l a <a href=\"http:\/\/www.avema.sk\">www.avema.sk<\/a> internetes oldalon olvashatnak b\u0151vebben.<\/p>\n<p>&nbsp;\t\t\t\t<\/p>\n","protected":false},"excerpt":{"rendered":"<p>22. febru\u00e1ra 2014 sme sa cez zauj\u00edmav\u00fa prezent\u00e1ciu v&nbsp;podan\u00ed Ing. Michaly \u010cernej a&nbsp;Dominiky \u0160ef\u010d\u00edkovej, dvoch ve\u013emi sympatick\u00fdch sprievodk\u00fd\u0148, presunuli na miesta vzniku prv\u00fdch kres\u0165ansk\u00fdch spolo\u010denstiev, kde svojho \u010dasu sv\u00e4t\u00fd apo\u0161tol Pavol hl\u00e1sal evanjelium.<\/p>\n","protected":false},"author":1,"featured_media":1587,"comment_status":"closed","ping_status":"closed","sticky":false,"template":"","format":"standard","meta":{"footnotes":""},"categories":[5],"tags":[24],"class_list":{"0":"entry","1":"post","2":"publish","3":"author-marian-jasenoveceltras-sk","4":"has-excerpt","5":"has-more-link","6":"post-1586","8":"format-standard","9":"has-post-thumbnail","10":"category-aktuality","11":"post_tag-aktuality"},"_links":{"self":[{"href":"https:\/\/www.farakostolna.sk\/index.php?rest_route=\/wp\/v2\/posts\/1586","targetHints":{"allow":["GET"]}}],"collection":[{"href":"https:\/\/www.farakostolna.sk\/index.php?rest_route=\/wp\/v2\/posts"}],"about":[{"href":"https:\/\/www.farakostolna.sk\/index.php?rest_route=\/wp\/v2\/types\/post"}],"author":[{"embeddable":true,"href":"https:\/\/www.farakostolna.sk\/index.php?rest_route=\/wp\/v2\/users\/1"}],"replies":[{"embeddable":true,"href":"https:\/\/www.farakostolna.sk\/index.php?rest_route=%2Fwp%2Fv2%2Fcomments&post=1586"}],"version-history":[{"count":0,"href":"https:\/\/www.farakostolna.sk\/index.php?rest_route=\/wp\/v2\/posts\/1586\/revisions"}],"wp:featuredmedia":[{"embeddable":true,"href":"https:\/\/www.farakostolna.sk\/index.php?rest_route=\/"}],"wp:attachment":[{"href":"https:\/\/www.farakostolna.sk\/index.php?rest_route=%2Fwp%2Fv2%2Fmedia&parent=1586"}],"wp:term":[{"taxonomy":"category","embeddable":true,"href":"https:\/\/www.farakostolna.sk\/index.php?rest_route=%2Fwp%2Fv2%2Fcategories&post=1586"},{"taxonomy":"post_tag","embeddable":true,"href":"https:\/\/www.farakostolna.sk\/index.php?rest_route=%2Fwp%2Fv2%2Ftags&post=1586"}],"curies":[{"name":"wp","href":"https:\/\/api.w.org\/{rel}","templated":true}]}}