{"id":1575,"date":"2014-02-19T09:19:25","date_gmt":"2014-02-19T09:19:25","guid":{"rendered":"http:\/\/kostolna.fara.sk\/?p=1575"},"modified":"2014-02-19T09:19:25","modified_gmt":"2014-02-19T09:19:25","slug":"ntm-2014","status":"publish","type":"post","link":"https:\/\/www.farakostolna.sk\/?p=1575","title":{"rendered":"NTM 2014"},"content":{"rendered":"<p>\t\t\t\t<a href=\"http:\/\/kostolna.fara.sk\/wp-content\/uploads\/2014\/02\/P1010605.jpg\"><img loading=\"lazy\" decoding=\"async\" class=\"alignleft size-thumbnail wp-image-1579\" alt=\"P1010605\" src=\"http:\/\/kostolna.fara.sk\/wp-content\/uploads\/2014\/02\/P1010605-150x150.jpg\" width=\"150\" height=\"150\"><\/a>Aj tento rok sme sa v na\u0161ej farnosti pridali k celo\u0161t\u00e1tnej aktivite \u201eN\u00e1rodn\u00fd t\u00fd\u017ede\u0148 man\u017eelstva\u201c, ktor\u00fd sa tentokr\u00e1t niesol v znamen\u00ed hesla \u201eMan\u017eelstvo je viac ako papier\u201c. Viacer\u00e9 man\u017eelsk\u00e9 p\u00e1ry sa stretli v pastora\u010dnom centre, kde ich priv\u00edtal p\u00e1n far\u00e1r <i>Pavol Gajdo\u0161<\/i>, pri\u010dom uviedol hos\u0165a \u2013 k\u0148aza vdp. <i>Mareka Sit\u00e1ra<\/i>, ktor\u00fd sa n\u00e1m prihovoril. <!--more-->V tomto pr\u00edhovore \u010derpal z&nbsp;pr\u00e1c blahoslaven\u00e9ho J\u00e1na Pavla II. My\u0161lienky tohto ve\u013ek\u00e9ho p\u00e1pe\u017ea, ktor\u00fd sa pred viac ako 30-imi rokmi venoval t\u00e9mam t\u00fdkaj\u00facich sa rodiny, n\u00e1s obohatili. V tomto pr\u00edhovore okrem in\u00e9ho odznela d\u00f4le\u017eitos\u0165 pou\u017e\u00edvania slov, ktor\u00e9 maj\u00fa moc zabezpe\u010di\u0165 vhodn\u00fa komunik\u00e1ciu nielen medzi man\u017eelmi. S\u00fa nimi: \u201e<b><i>Dovo\u013e<\/i><\/b><i>\u201c<\/i>, resp. \u201e<b><i>Pros\u00edm<\/i><\/b>\u201c, \u201e<b><i>\u010eakujem<\/i><\/b>\u201c a \u201e<b><i>Prep\u00e1\u010d<\/i><\/b>\u201c. V r\u00e1mci pr\u00edhovoru sme si vyplnili jednoduch\u00fd test, v ktorom sme mohli spozna\u0165 na\u0161e \u201ejazyky l\u00e1sky\u201c pod\u013ea odborn\u00edka na man\u017eelsk\u00e9 vz\u0165ahy Garyho Chapmana.<\/p>\n<p>Schopnos\u0165 komunik\u00e1cie sme si mohli prakticky vysk\u00fa\u0161a\u0165 pri vo\u013enej\u0161ej \u010dasti programu. Nasleduj\u00face kr\u00e1tke ob\u010derstvenie sme si u\u017e vychutnali aj s na\u0161imi de\u0165mi, o ktor\u00e9 sa ochotne spolo\u010dne starali pani Sab\u00edna a Diana \u2013 za \u010do im patr\u00ed srde\u010dn\u00e1 v\u010faka.<\/p>\n<p>Man\u017eelstvo nie je form\u00e1lna jednor\u00e1zov\u00e1 z\u00e1le\u017eitos\u0165. Je to \u017eiv\u00fd vz\u0165ah, modern\u00fdm jazykom \u2013 projekt na cel\u00fd \u017eivot, na ktorom treba denne pracova\u0165, r\u00e1s\u0165 a predov\u0161etk\u00fdm budova\u0165 hlbok\u00fd vz\u0165ah zalo\u017een\u00fd na \u00facte, d\u00f4vere a vernosti.<\/p>\n<p>Program pre man\u017eelsk\u00e9 p\u00e1ry vyvrcholil sl\u00e1ven\u00edm sv\u00e4tej om\u0161e, ktor\u00e1 bola \u0161peci\u00e1lne pripraven\u00e1 a obetovan\u00e1 za man\u017eelsk\u00e9 p\u00e1ry na\u0161ej farnosti. V hom\u00edlii p\u00e1tra Mareka Sit\u00e1ra odznel n\u00e1vod na to, \u010do si m\u00e1me p\u00fdta\u0165 od Boha do n\u00e1\u0161ho \u017eivota \u2013 <b><i>m\u00fadros\u0165<\/i><\/b>, ktor\u00fa si p\u00fdtal aj kr\u00e1\u013e <i>\u0160alam\u00fan<\/i>. Ak ju budeme ma\u0165, tak t\u00e1 n\u00e1m bude odkr\u00fdva\u0165 Bo\u017e\u00ed pl\u00e1n a pom\u00f4\u017ee n\u00e1m plnohodnotne pre\u017e\u00edva\u0165 na\u0161e man\u017eelsk\u00e9 vz\u0165ahy, ktor\u00e9 s\u00fa neraz ve\u013ek\u00fdm r\u00e9busom aj pre odborn\u00edkov. Po hom\u00edlii si pr\u00edtomn\u00ed man\u017eelsk\u00e9 p\u00e1ry farnosti obnovili man\u017eelsk\u00e9 s\u013euby.<\/p>\n<p>Symbolick\u00e9 dary umocnili hlbok\u00e9 pre\u017e\u00edvanie sl\u00e1venia liturgie. Man\u017eelom pripomenuli d\u00f4le\u017eitos\u0165 spolo\u010dne tr\u00e1ven\u00e9ho \u010dasu, spomienok na na\u0161u cestu k man\u017eelstvu, vernosti a tie\u017e bo\u017e\u00ed pl\u00e1n \u2013 rodi\u010dovstvo. Deti s na\u0161imi opatrovate\u013ekami pripravili origin\u00e1lny dar symbolizuj\u00faci N\u00e1rodn\u00fd t\u00fd\u017ede\u0148 man\u017eelstva. Na z\u00e1ver sv\u00e4tej om\u0161e k\u0148azi udelili po\u017eehnanie bud\u00facim mami\u010dk\u00e1m.<\/p>\n<p>&nbsp;<\/p>\n<p><a title=\"Fotky\" href=\"https:\/\/plus.google.com\/u\/0\/photos\/113195793245664134546\/albums\/5982218387740302737\" target=\"_blank\" rel=\"noopener noreferrer\">Fotky su tu:<\/a><\/p>\n<p><em><strong>A h\u00e1zass\u00e1g hete<\/strong><\/em><\/p>\n<p>&nbsp;<\/p>\n<p>Pl\u00e9b\u00e1niak\u00f6zs\u00e9g\u00fcnk ebben az \u00e9vben is bekapcsol\u00f3dott az eg\u00e9sz Szlov\u00e1ki\u00e1ban meghirdetett <i>H\u00e1zass\u00e1g het\u00e9<\/i>be, mely \u201eA h\u00e1zass\u00e1g t\u00f6bb mint pap\u00edr\u201d jelmondat jegy\u00e9ben zajlott. Az \u00e9rdekl\u0151d\u0151 h\u00e1zasp\u00e1rok a pasztor\u00e1ci\u00f3s k\u00f6zpontban tal\u00e1lkoztak, ahol <i>Gajdo\u0161 P\u00e1l<\/i> pl\u00e9b\u00e1nos atya k\u00f6sz\u00f6nt\u00f6tte a jelenl\u00e9v\u0151ket, s bemutatta <i>Marek Sit\u00e1r<\/i> aty\u00e1t, aki r\u00f6vid el\u0151ad\u00e1st tartott. Besz\u00e9d\u00e9ben Boldog II. J\u00e1nos P\u00e1l gondolataib\u00f3l mer\u00edtett, aki t\u00f6bb mint harminc \u00e9ve foglalkozott a csal\u00e1dot \u00e9rint\u0151 k\u00e9rd\u00e9sekkel. T\u00f6bbek k\u00f6z\u00f6tt elhangzott az olyan szavak haszn\u00e1lat\u00e1nak fontoss\u00e1ga, melyek megfelel\u0151 kommunik\u00e1ci\u00f3t biztos\u00edtanak nem csak a h\u00e1zass\u00e1gban. Ezek a: \u201eK\u00e9rem\u201d, ill. \u201eEngedd meg\u201d, \u201eK\u00f6sz\u00f6n\u00f6m\u201d \u00e9s \u201eBocs\u00e1nat\u201d. Majd megoldottunk egy tesztet, melyb\u0151l kider\u00fclt, milyen \u201eszeretetnyelven\u201d besz\u00e9l\u00fcnk.<\/p>\n<p>Kommunik\u00e1ci\u00f3s k\u00e9pess\u00e9geinket a gyakorlatban is kipr\u00f3b\u00e1lhattuk az el\u0151ad\u00e1st k\u00f6vet\u0151 szabadabb program sor\u00e1n. Majd r\u00f6vid friss\u00edt\u0151 k\u00f6vetkezett imm\u00e1r gyerekeink t\u00e1rsas\u00e1g\u00e1ban, akikr\u0151l Szabina \u00e9s Diana gondoskodott \u2013 k\u00f6sz\u00f6nj\u00fck sz\u00e9pen.<\/p>\n<p>A h\u00e1zass\u00e1g nem egyszeri form\u00e1lis dolog, hanem egy \u00e9l\u0151 kapcsolat, modern kifejez\u00e9ssel \u00e9lve: egy eg\u00e9sz \u00e9letre sz\u00f3l\u00f3 projekt, melyen naponta kell dolgozni mindenekel\u0151tt azzal, hogy egy tiszteleten, bizalmon \u00e9s h\u0171s\u00e9gen alapul\u00f3 m\u00e9ly kapcsolatot \u00e9p\u00edt\u00fcnk.<\/p>\n<p>Az eg\u00e9sz program cs\u00facspontja a pl\u00e9b\u00e1niak\u00f6zs\u00e9g\u00fcnk h\u00e1zasp\u00e1rjai\u00e9rt bemutatott szentmise volt. Marek atya hom\u00edli\u00e1j\u00e1ban elhangzott, hogy mit is k\u00e9rj\u00fcnk \u00e9let\u00fcnkbe: b\u00f6lcsess\u00e9get, mint ahogy azt Salamon kir\u00e1ly is tette. Az majd felt\u00e1rja el\u0151tt\u00fcnk Isten terv\u00e9t, \u00e9s seg\u00edt majd abban, hogy teljes \u00e9rt\u00e9k\u0171 h\u00e1zass\u00e1gban \u00e9lj\u00fcnk. A szentbesz\u00e9d ut\u00e1n minden jelen l\u00e9v\u0151 h\u00e1zasp\u00e1r meg\u00faj\u00edthatta h\u00e1zass\u00e1gi fogadalm\u00e1t.<\/p>\n<p>A szimbolikus aj\u00e1nd\u00e9kok seg\u00edtettek a liturgia meg\u00fcnnepl\u00e9s\u00e9nek m\u00e9lyebb \u00e1t\u00e9l\u00e9s\u00e9ben. Eml\u00e9keztett\u00e9k a h\u00e1zast\u00e1rsakat a k\u00f6z\u00f6sen elt\u00f6lt\u00f6tt id\u0151 fontoss\u00e1g\u00e1ra, a h\u00e1zass\u00e1ghoz vezet\u0151 \u00fatra, a h\u0171s\u00e9gre \u00e9s Isten terv\u00e9re, a sz\u00fcl\u0151v\u00e9 v\u00e1l\u00e1sra. Gyermekeink az \u00f3v\u00f3 n\u00e9nik seg\u00edts\u00e9g\u00e9vel a <i>H\u00e1zass\u00e1g het\u00e9<\/i>t szimboliz\u00e1l\u00f3 eredeti aj\u00e1nd\u00e9kot k\u00e9sz\u00edtettek. A szentmise v\u00e9g\u00e9n a leend\u0151 anyuk\u00e1k \u00e1ld\u00e1sban r\u00e9szes\u00fcltek.\t\t\t\t<\/p>\n","protected":false},"excerpt":{"rendered":"<p>Aj tento rok sme sa v na\u0161ej farnosti pridali k celo\u0161t\u00e1tnej aktivite \u201eN\u00e1rodn\u00fd t\u00fd\u017ede\u0148 man\u017eelstva\u201c, ktor\u00fd sa tentokr\u00e1t niesol v znamen\u00ed hesla \u201eMan\u017eelstvo je viac ako papier\u201c. Viacer\u00e9 man\u017eelsk\u00e9 p\u00e1ry sa stretli v pastora\u010dnom centre, kde ich priv\u00edtal p\u00e1n far\u00e1r Pavol Gajdo\u0161, pri\u010dom uviedol hos\u0165a \u2013 k\u0148aza vdp. Mareka Sit\u00e1ra, ktor\u00fd sa n\u00e1m prihovoril.<\/p>\n","protected":false},"author":1,"featured_media":1579,"comment_status":"closed","ping_status":"closed","sticky":false,"template":"","format":"standard","meta":{"footnotes":""},"categories":[5],"tags":[24],"class_list":{"0":"entry","1":"post","2":"publish","3":"author-marian-jasenoveceltras-sk","4":"has-excerpt","5":"has-more-link","6":"post-1575","8":"format-standard","9":"has-post-thumbnail","10":"category-aktuality","11":"post_tag-aktuality"},"_links":{"self":[{"href":"https:\/\/www.farakostolna.sk\/index.php?rest_route=\/wp\/v2\/posts\/1575","targetHints":{"allow":["GET"]}}],"collection":[{"href":"https:\/\/www.farakostolna.sk\/index.php?rest_route=\/wp\/v2\/posts"}],"about":[{"href":"https:\/\/www.farakostolna.sk\/index.php?rest_route=\/wp\/v2\/types\/post"}],"author":[{"embeddable":true,"href":"https:\/\/www.farakostolna.sk\/index.php?rest_route=\/wp\/v2\/users\/1"}],"replies":[{"embeddable":true,"href":"https:\/\/www.farakostolna.sk\/index.php?rest_route=%2Fwp%2Fv2%2Fcomments&post=1575"}],"version-history":[{"count":0,"href":"https:\/\/www.farakostolna.sk\/index.php?rest_route=\/wp\/v2\/posts\/1575\/revisions"}],"wp:featuredmedia":[{"embeddable":true,"href":"https:\/\/www.farakostolna.sk\/index.php?rest_route=\/"}],"wp:attachment":[{"href":"https:\/\/www.farakostolna.sk\/index.php?rest_route=%2Fwp%2Fv2%2Fmedia&parent=1575"}],"wp:term":[{"taxonomy":"category","embeddable":true,"href":"https:\/\/www.farakostolna.sk\/index.php?rest_route=%2Fwp%2Fv2%2Fcategories&post=1575"},{"taxonomy":"post_tag","embeddable":true,"href":"https:\/\/www.farakostolna.sk\/index.php?rest_route=%2Fwp%2Fv2%2Ftags&post=1575"}],"curies":[{"name":"wp","href":"https:\/\/api.w.org\/{rel}","templated":true}]}}