{"id":1535,"date":"2014-02-02T22:04:37","date_gmt":"2014-02-02T22:04:37","guid":{"rendered":"http:\/\/kostolna.fara.sk\/?p=1535"},"modified":"2014-02-02T22:04:37","modified_gmt":"2014-02-02T22:04:37","slug":"knazska-rekolekcia-s-biskupom","status":"publish","type":"post","link":"https:\/\/www.farakostolna.sk\/?p=1535","title":{"rendered":"K\u0148azsk\u00e1 rekolekcia s biskupom"},"content":{"rendered":"<p>\t\t\t\t<a href=\"http:\/\/kostolna.fara.sk\/wp-content\/uploads\/2014\/02\/DSC01274.jpg\"><img loading=\"lazy\" decoding=\"async\" class=\"alignleft size-thumbnail wp-image-1536\" alt=\"DSC01274\" src=\"http:\/\/kostolna.fara.sk\/wp-content\/uploads\/2014\/02\/DSC01274-150x150.jpg\" width=\"150\" height=\"150\"><\/a>28. janu\u00e1ra 2014 sa stretli k\u0148azi z cel\u00e9ho seneck\u00e9ho dekan\u00e1tu na pravidelnej mesa\u010dnej rekolekcii. Je to vlastne administrat\u00edvne i duchovno-forma\u010dn\u00e9 stretnutie k\u0148azov v&nbsp;r\u00e1mci jednotliv\u00fdch dekan\u00e1tov. <!--more-->Tentoraz sa konala op\u00e4\u0165 po roku v&nbsp;na\u0161ej farnosti. Celkovo pri\u0161lo 16 k\u0148azov i&nbsp;samotn\u00fd otec biskup Mons. Jozef Ha\u013eko. Po sv\u00e4tej om\u0161i o&nbsp;9:30, ktor\u00e1 bola vo farskom kostole obetovan\u00e1 za zosnul\u00fdch k\u0148azov, pokra\u010dovala pracovn\u00e1 \u010das\u0165 v&nbsp;priestoroch pastora\u010dn\u00e9ho centra do poobedn\u00fdch hod\u00edn.<\/p>\n<p>&nbsp;<\/p>\n<p><a title=\"Rekolekcia\" href=\"https:\/\/plus.google.com\/u\/0\/photos\/113195793245664134546\/albums\/5975922440441092705?partnerid=gplp0\" target=\"_blank\" rel=\"noopener noreferrer\">Fotky\/F\u00e9nyk\u00e9pek:<\/a><\/p>\n<p>Papi rekollekci\u00f3<\/p>\n<p>2014. janu\u00e1r 28-\u00e1n ker\u00fclt sor a szenci esperess\u00e9g papjainak rendszeres havi rekollekci\u00f3j\u00e1ra. Ez tulajdonk\u00e9ppen egy adminisztr\u00e1ci\u00f3s feladatokkal foglalkoz\u00f3 \u00e9s lelki form\u00e1l\u00f3d\u00e1st szolg\u00e1l\u00f3 tal\u00e1lkoz\u00f3 az egyes esperesi ker\u00fcletek papjai sz\u00e1m\u00e1ra, melynek most, egy \u00e9v eltelt\u00e9vel ism\u00e9t pl\u00e9b\u00e1niak\u00f6zs\u00e9g\u00fcnk adott otthont. A rekollekci\u00f3n \u00f6sszesen 16 pap vett r\u00e9szt, s elj\u00f6tt Mons. Jozef Ha\u013eko p\u00fcsp\u00f6k atya is. A 9:30-kor kezd\u0151d\u0151 szentmis\u00e9t, melyet a pl\u00e9b\u00e1niatemplomban az elhunyt papok\u00e9rt mutattak be, a d\u00e9lut\u00e1ni \u00f3r\u00e1kig tart\u00f3 munkamegbesz\u00e9l\u00e9s k\u00f6vette a pasztor\u00e1ci\u00f3s k\u00f6zpontban.\t\t\t\t<\/p>\n","protected":false},"excerpt":{"rendered":"<p>28. janu\u00e1ra 2014 sa stretli k\u0148azi z cel\u00e9ho seneck\u00e9ho dekan\u00e1tu na pravidelnej mesa\u010dnej rekolekcii. Je to vlastne administrat\u00edvne i duchovno-forma\u010dn\u00e9 stretnutie k\u0148azov v&nbsp;r\u00e1mci jednotliv\u00fdch dekan\u00e1tov.<\/p>\n","protected":false},"author":1,"featured_media":1536,"comment_status":"closed","ping_status":"closed","sticky":false,"template":"","format":"standard","meta":{"footnotes":""},"categories":[5],"tags":[24],"class_list":{"0":"entry","1":"post","2":"publish","3":"author-marian-jasenoveceltras-sk","4":"has-excerpt","5":"has-more-link","6":"post-1535","8":"format-standard","9":"has-post-thumbnail","10":"category-aktuality","11":"post_tag-aktuality"},"_links":{"self":[{"href":"https:\/\/www.farakostolna.sk\/index.php?rest_route=\/wp\/v2\/posts\/1535","targetHints":{"allow":["GET"]}}],"collection":[{"href":"https:\/\/www.farakostolna.sk\/index.php?rest_route=\/wp\/v2\/posts"}],"about":[{"href":"https:\/\/www.farakostolna.sk\/index.php?rest_route=\/wp\/v2\/types\/post"}],"author":[{"embeddable":true,"href":"https:\/\/www.farakostolna.sk\/index.php?rest_route=\/wp\/v2\/users\/1"}],"replies":[{"embeddable":true,"href":"https:\/\/www.farakostolna.sk\/index.php?rest_route=%2Fwp%2Fv2%2Fcomments&post=1535"}],"version-history":[{"count":0,"href":"https:\/\/www.farakostolna.sk\/index.php?rest_route=\/wp\/v2\/posts\/1535\/revisions"}],"wp:featuredmedia":[{"embeddable":true,"href":"https:\/\/www.farakostolna.sk\/index.php?rest_route=\/"}],"wp:attachment":[{"href":"https:\/\/www.farakostolna.sk\/index.php?rest_route=%2Fwp%2Fv2%2Fmedia&parent=1535"}],"wp:term":[{"taxonomy":"category","embeddable":true,"href":"https:\/\/www.farakostolna.sk\/index.php?rest_route=%2Fwp%2Fv2%2Fcategories&post=1535"},{"taxonomy":"post_tag","embeddable":true,"href":"https:\/\/www.farakostolna.sk\/index.php?rest_route=%2Fwp%2Fv2%2Ftags&post=1535"}],"curies":[{"name":"wp","href":"https:\/\/api.w.org\/{rel}","templated":true}]}}