{"id":1526,"date":"2014-01-12T21:43:13","date_gmt":"2014-01-12T21:43:13","guid":{"rendered":"http:\/\/kostolna.fara.sk\/?p=1526"},"modified":"2014-01-12T21:43:13","modified_gmt":"2014-01-12T21:43:13","slug":"piatkove-skautske-svate-omse","status":"publish","type":"post","link":"https:\/\/www.farakostolna.sk\/?p=1526","title":{"rendered":"Piatkov\u00e9 Skautsk\u00e9 sv\u00e4t\u00e9 om\u0161e"},"content":{"rendered":"<p>\t\t\t\t<a href=\"http:\/\/kostolna.fara.sk\/wp-content\/uploads\/2014\/01\/P1102088.jpg\"><img loading=\"lazy\" decoding=\"async\" class=\"alignleft size-thumbnail wp-image-1527\" alt=\"OLYMPUS DIGITAL CAMERA\" src=\"http:\/\/kostolna.fara.sk\/wp-content\/uploads\/2014\/01\/P1102088-150x150.jpg\" width=\"150\" height=\"150\"><\/a>Po piatkov\u00fdch skautsk\u00fdch stretnutiach skauti z Hrub\u00e9ho \u0160\u00fara chodia aj na sv\u00e4t\u00e9 om\u0161e. Spolu sa modlia, p\u00e1n far\u00e1r hr\u00e1 na gitare. Aj k\u00e1zne s\u00fa ur\u010den\u00e9 pre detsk\u00e9 obecenstvo.<\/p>\n<p><!--more--><\/p>\n<p><a title=\"Piatkove sv.Omse\" href=\"https:\/\/plus.google.com\/u\/0\/photos\/113195793245664134546\/albums\/5974805850577805489\" target=\"_blank\" rel=\"noopener noreferrer\">Fotky\/F\u00e9nyk\u00e9pek<\/a><\/p>\n<p>A p\u00e9nteki cserk\u00e9szgy\u0171l\u00e9sek ut\u00e1n a hegys\u00fari cserk\u00e9szek egy\u00fctt mennek szentmis\u00e9re is. Egy\u00fctt im\u00e1dkoznak, \u00e9nekelnek a pl\u00e9b\u00e1nos \u00far git\u00e1rk\u00eds\u00e9rete mellett. A pr\u00e9dik\u00e1ci\u00f3k is az \u0151 ig\u00e9nyik szerint vannak fel\u00e9p\u00edtve.\t\t\t\t<\/p>\n","protected":false},"excerpt":{"rendered":"<p>Po piatkov\u00fdch skautsk\u00fdch stretnutiach skauti z Hrub\u00e9ho \u0160\u00fara chodia aj na sv\u00e4t\u00e9 om\u0161e. Spolu sa modlia, p\u00e1n far\u00e1r hr\u00e1 na gitare. Aj k\u00e1zne s\u00fa ur\u010den\u00e9 pre detsk\u00e9 obecenstvo.<\/p>\n","protected":false},"author":1,"featured_media":1527,"comment_status":"closed","ping_status":"closed","sticky":false,"template":"","format":"standard","meta":{"footnotes":""},"categories":[5],"tags":[24],"class_list":{"0":"entry","1":"post","2":"publish","3":"author-marian-jasenoveceltras-sk","4":"has-excerpt","5":"has-more-link","6":"post-1526","8":"format-standard","9":"has-post-thumbnail","10":"category-aktuality","11":"post_tag-aktuality"},"_links":{"self":[{"href":"https:\/\/www.farakostolna.sk\/index.php?rest_route=\/wp\/v2\/posts\/1526","targetHints":{"allow":["GET"]}}],"collection":[{"href":"https:\/\/www.farakostolna.sk\/index.php?rest_route=\/wp\/v2\/posts"}],"about":[{"href":"https:\/\/www.farakostolna.sk\/index.php?rest_route=\/wp\/v2\/types\/post"}],"author":[{"embeddable":true,"href":"https:\/\/www.farakostolna.sk\/index.php?rest_route=\/wp\/v2\/users\/1"}],"replies":[{"embeddable":true,"href":"https:\/\/www.farakostolna.sk\/index.php?rest_route=%2Fwp%2Fv2%2Fcomments&post=1526"}],"version-history":[{"count":0,"href":"https:\/\/www.farakostolna.sk\/index.php?rest_route=\/wp\/v2\/posts\/1526\/revisions"}],"wp:featuredmedia":[{"embeddable":true,"href":"https:\/\/www.farakostolna.sk\/index.php?rest_route=\/"}],"wp:attachment":[{"href":"https:\/\/www.farakostolna.sk\/index.php?rest_route=%2Fwp%2Fv2%2Fmedia&parent=1526"}],"wp:term":[{"taxonomy":"category","embeddable":true,"href":"https:\/\/www.farakostolna.sk\/index.php?rest_route=%2Fwp%2Fv2%2Fcategories&post=1526"},{"taxonomy":"post_tag","embeddable":true,"href":"https:\/\/www.farakostolna.sk\/index.php?rest_route=%2Fwp%2Fv2%2Ftags&post=1526"}],"curies":[{"name":"wp","href":"https:\/\/api.w.org\/{rel}","templated":true}]}}