{"id":1516,"date":"2014-01-29T19:50:17","date_gmt":"2014-01-29T19:50:17","guid":{"rendered":"http:\/\/kostolna.fara.sk\/?p=1516"},"modified":"2014-01-29T19:50:17","modified_gmt":"2014-01-29T19:50:17","slug":"modlitbove-trojdnie-2014","status":"publish","type":"post","link":"https:\/\/www.farakostolna.sk\/?p=1516","title":{"rendered":"Modlitbov\u00e9 trojdnie 2014"},"content":{"rendered":"<p>\t\t\t\t<a href=\"http:\/\/kostolna.fara.sk\/wp-content\/uploads\/2014\/01\/140126-022.jpg\"><img loading=\"lazy\" decoding=\"async\" class=\"alignleft size-thumbnail wp-image-1519\" alt=\"140126 022\" src=\"http:\/\/kostolna.fara.sk\/wp-content\/uploads\/2014\/01\/140126-022-150x150.jpg\" width=\"150\" height=\"150\"><\/a>V d\u0148och od 24. do 26. janu\u00e1ra 2014 sa uskuto\u010dnilo v&nbsp;na\u0161ej farnosti prv\u00e9 modlitbov\u00e9 trojdnie modlitbov\u00e9ho spolo\u010denstva <i>Modlitby matiek, <\/i>ktor\u00e9 u&nbsp;n\u00e1s funguje zatia\u013e v&nbsp;troch mal\u00fdch skupink\u00e1ch.<i> <!--more--><\/i>V&nbsp;piatok a&nbsp;sobotu sme sa modlili a&nbsp;spievali pred vylo\u017eenou Sviatos\u0165ou Olt\u00e1rnou v&nbsp;kaplnke v&nbsp;Hrubom \u0160\u00fare a v&nbsp;nede\u013eu vo farskom kostole. Ka\u017ed\u00fd de\u0148 sme sa modlili na in\u00fd \u00famysel a&nbsp;dominoval in\u00fd symbol z&nbsp;dan\u00e9ho \u00faryvku z&nbsp;P\u00edsma. Symboly sme odovzd\u00e1vali pred Sviatos\u0165 Olt\u00e1rnu. Na tomto peknom stretnut\u00ed sa z\u00fa\u010dastnili nielen matky zo spolo\u010denstva, ale aj veriaci v&nbsp;peknom po\u010dte. Po stretnut\u00ed sme sa zi\u0161li na agap\u00e9.<\/p>\n<p>&nbsp;<\/p>\n<p><a title=\"3dnie Modlitby matiek 2014\" href=\"https:\/\/plus.google.com\/u\/0\/photos\/113195793245664134546\/albums\/5973535490965749521?cfem=1\" target=\"_blank\" rel=\"noopener noreferrer\">Fotky\/F\u00e9nyk\u00e9pek:<\/a><\/p>\n<p>&nbsp;<\/p>\n<p>2014. janu\u00e1r 24-e \u00e9s 26-a k\u00f6z\u00f6tt tartotta meg pl\u00e9b\u00e1niak\u00f6zs\u00e9g\u00fcnkben els\u0151 imah\u00e9tv\u00e9g\u00e9j\u00e9t az <i>\u00c9desany\u00e1k Im\u00e1i<\/i> nev\u0171 imak\u00f6z\u00f6ss\u00e9g, amely n\u00e1lunk id\u00e1ig h\u00e1rom kis csoportban m\u0171k\u00f6dik. P\u00e9nteken \u00e9s szombaton a hegys\u00fari k\u00e1poln\u00e1ban, vas\u00e1rnap pedig a pl\u00e9b\u00e1niatemplomban \u00e9nekelt\u00fcnk \u00e9s<i> <\/i>im\u00e1dkoztunk a kihelyezett Olt\u00e1riszents\u00e9g el\u0151tt. Minden nap m\u00e1s sz\u00e1nd\u00e9k\u00e9rt im\u00e1dkoztunk, \u00e9s m\u00e1s-m\u00e1s jelk\u00e9p domin\u00e1lt az adott szent\u00edr\u00e1si id\u00e9zet alapj\u00e1n, melyet az Olt\u00e1riszents\u00e9g el\u00e9 helyezt\u00fcnk. Az ador\u00e1ci\u00f3 ut\u00e1n agap\u00e9 v\u00e1rta a sz\u00e9p sz\u00e1mban megjelent h\u00edveket.\t\t\t\t<\/p>\n","protected":false},"excerpt":{"rendered":"<p>V d\u0148och od 24. do 26. janu\u00e1ra 2014 sa uskuto\u010dnilo v&nbsp;na\u0161ej farnosti prv\u00e9 modlitbov\u00e9 trojdnie modlitbov\u00e9ho spolo\u010denstva Modlitby matiek, ktor\u00e9 u&nbsp;n\u00e1s funguje zatia\u013e v&nbsp;troch mal\u00fdch skupink\u00e1ch.<\/p>\n","protected":false},"author":1,"featured_media":1519,"comment_status":"closed","ping_status":"closed","sticky":false,"template":"","format":"standard","meta":{"footnotes":""},"categories":[5],"tags":[24],"class_list":{"0":"entry","1":"post","2":"publish","3":"author-marian-jasenoveceltras-sk","4":"has-excerpt","5":"has-more-link","6":"post-1516","8":"format-standard","9":"has-post-thumbnail","10":"category-aktuality","11":"post_tag-aktuality"},"_links":{"self":[{"href":"https:\/\/www.farakostolna.sk\/index.php?rest_route=\/wp\/v2\/posts\/1516","targetHints":{"allow":["GET"]}}],"collection":[{"href":"https:\/\/www.farakostolna.sk\/index.php?rest_route=\/wp\/v2\/posts"}],"about":[{"href":"https:\/\/www.farakostolna.sk\/index.php?rest_route=\/wp\/v2\/types\/post"}],"author":[{"embeddable":true,"href":"https:\/\/www.farakostolna.sk\/index.php?rest_route=\/wp\/v2\/users\/1"}],"replies":[{"embeddable":true,"href":"https:\/\/www.farakostolna.sk\/index.php?rest_route=%2Fwp%2Fv2%2Fcomments&post=1516"}],"version-history":[{"count":0,"href":"https:\/\/www.farakostolna.sk\/index.php?rest_route=\/wp\/v2\/posts\/1516\/revisions"}],"wp:featuredmedia":[{"embeddable":true,"href":"https:\/\/www.farakostolna.sk\/index.php?rest_route=\/"}],"wp:attachment":[{"href":"https:\/\/www.farakostolna.sk\/index.php?rest_route=%2Fwp%2Fv2%2Fmedia&parent=1516"}],"wp:term":[{"taxonomy":"category","embeddable":true,"href":"https:\/\/www.farakostolna.sk\/index.php?rest_route=%2Fwp%2Fv2%2Fcategories&post=1516"},{"taxonomy":"post_tag","embeddable":true,"href":"https:\/\/www.farakostolna.sk\/index.php?rest_route=%2Fwp%2Fv2%2Ftags&post=1516"}],"curies":[{"name":"wp","href":"https:\/\/api.w.org\/{rel}","templated":true}]}}