{"id":1503,"date":"2014-01-24T16:49:38","date_gmt":"2014-01-24T16:49:38","guid":{"rendered":"http:\/\/kostolna.fara.sk\/?p=1503"},"modified":"2014-01-24T16:49:38","modified_gmt":"2014-01-24T16:49:38","slug":"nasa-farnost-v-radio-lumen","status":"publish","type":"post","link":"https:\/\/www.farakostolna.sk\/?p=1503","title":{"rendered":"Na\u0161a farnos\u0165 v R\u00e1dio LUMEN"},"content":{"rendered":"<div><a href=\"http:\/\/kostolna.fara.sk\/wp-content\/uploads\/2014\/01\/4488210375_8b0c425f21_o.jpg\"><img loading=\"lazy\" decoding=\"async\" class=\"size-thumbnail wp-image-1504 alignleft\" alt=\"4488210375_8b0c425f21_o\" src=\"http:\/\/kostolna.fara.sk\/wp-content\/uploads\/2014\/01\/4488210375_8b0c425f21_o-150x150.jpg\" width=\"150\" height=\"150\"><\/a><\/div>\n<div>V uplynul\u00fdch d\u0148och nav\u0161t\u00edvil na\u0161u farnos\u0165 redaktor r\u00e1dia Lumen Ivo Nov\u00e1k, aby cez rel\u00e1ciu &#8220;Lupa&#8221; predstavil na\u0161u farnos\u0165 cel\u00e9mu Slovensku.<\/div>\n<div><!--more--> Do rel\u00e1cie sa zapojili aj nieko\u013ek\u00ed z\u00e1stupcovia na\u0161ich troch obc\u00ed, ktor\u00ed sa zdie\u013eali so svojimi sk\u00fasenos\u0165ami. Po ur\u010ditom nap\u00e4t\u00ed, tr\u00e9me, ako to cel\u00e9 dopadne, sme o \u0161tyri dni mohli za\u010du\u0165 vydaren\u00fa rel\u00e1ciu.<\/div>\n<div><\/div>\n<div><\/div>\n<div><\/div>\n<div><a href=\"http:\/\/kostolna.fara.sk\/wp-content\/uploads\/2014\/01\/lupa_22_1_2014.mp3\" target=\"_blank\" rel=\"noopener noreferrer\">Rel\u00e1ciu mo\u017eno vypo\u010du\u0165 tu: &nbsp;<\/a><\/div>\n<p>&nbsp;\t\t\t\t<\/p>\n","protected":false},"excerpt":{"rendered":"<p>V uplynul\u00fdch d\u0148och nav\u0161t\u00edvil na\u0161u farnos\u0165 redaktor r\u00e1dia Lumen Ivo Nov\u00e1k, aby cez rel\u00e1ciu &#8220;Lupa&#8221; predstavil na\u0161u farnos\u0165 cel\u00e9mu Slovensku.<\/p>\n","protected":false},"author":1,"featured_media":1504,"comment_status":"closed","ping_status":"closed","sticky":false,"template":"","format":"standard","meta":{"footnotes":""},"categories":[5],"tags":[24],"class_list":{"0":"entry","1":"post","2":"publish","3":"author-marian-jasenoveceltras-sk","4":"has-excerpt","5":"has-more-link","6":"post-1503","8":"format-standard","9":"has-post-thumbnail","10":"category-aktuality","11":"post_tag-aktuality"},"_links":{"self":[{"href":"https:\/\/www.farakostolna.sk\/index.php?rest_route=\/wp\/v2\/posts\/1503","targetHints":{"allow":["GET"]}}],"collection":[{"href":"https:\/\/www.farakostolna.sk\/index.php?rest_route=\/wp\/v2\/posts"}],"about":[{"href":"https:\/\/www.farakostolna.sk\/index.php?rest_route=\/wp\/v2\/types\/post"}],"author":[{"embeddable":true,"href":"https:\/\/www.farakostolna.sk\/index.php?rest_route=\/wp\/v2\/users\/1"}],"replies":[{"embeddable":true,"href":"https:\/\/www.farakostolna.sk\/index.php?rest_route=%2Fwp%2Fv2%2Fcomments&post=1503"}],"version-history":[{"count":0,"href":"https:\/\/www.farakostolna.sk\/index.php?rest_route=\/wp\/v2\/posts\/1503\/revisions"}],"wp:featuredmedia":[{"embeddable":true,"href":"https:\/\/www.farakostolna.sk\/index.php?rest_route=\/"}],"wp:attachment":[{"href":"https:\/\/www.farakostolna.sk\/index.php?rest_route=%2Fwp%2Fv2%2Fmedia&parent=1503"}],"wp:term":[{"taxonomy":"category","embeddable":true,"href":"https:\/\/www.farakostolna.sk\/index.php?rest_route=%2Fwp%2Fv2%2Fcategories&post=1503"},{"taxonomy":"post_tag","embeddable":true,"href":"https:\/\/www.farakostolna.sk\/index.php?rest_route=%2Fwp%2Fv2%2Ftags&post=1503"}],"curies":[{"name":"wp","href":"https:\/\/api.w.org\/{rel}","templated":true}]}}