{"id":1498,"date":"2014-01-22T14:05:44","date_gmt":"2014-01-22T14:05:44","guid":{"rendered":"http:\/\/kostolna.fara.sk\/?p=1498"},"modified":"2014-01-22T14:05:44","modified_gmt":"2014-01-22T14:05:44","slug":"ekumenicke-stretnutie-2","status":"publish","type":"post","link":"https:\/\/www.farakostolna.sk\/?p=1498","title":{"rendered":"Ekumenick\u00e9 stretnutie 2014"},"content":{"rendered":"<p>\t\t\t\t<a href=\"http:\/\/kostolna.fara.sk\/wp-content\/uploads\/2014\/01\/P1212067.jpg\"><img loading=\"lazy\" decoding=\"async\" class=\"alignleft size-thumbnail wp-image-1499\" alt=\"OLYMPUS DIGITAL CAMERA\" src=\"http:\/\/kostolna.fara.sk\/wp-content\/uploads\/2014\/01\/P1212067-150x150.jpg\" width=\"150\" height=\"150\"><\/a>21. janu\u00e1ra 2014 sme sa v kaplnke v Hrubom \u0160\u00fare spolo\u010dne stretli s veriacimi reformovanej cirkvi,ktor\u00ed tvoria v preva\u017ene katol\u00edckej obci&nbsp;pribli\u017ene 4 %, aby sme sa spolo\u010dne modlili za jednotu <!--more-->medzi kres\u0165anmi.&nbsp;Po\u010das rokov sa u\u017e ve\u013eakr\u00e1t uk\u00e1zala dobr\u00e1 spolupr\u00e1ca a vz\u00e1jomn\u00e1 tolerancia. Stretnutie bolo zav\u0155\u0161en\u00e9 mil\u00fdm pohosten\u00edm na obecnom \u00farade v Hrubom \u0160\u00fare.<\/p>\n<p>&nbsp;<\/p>\n<p><a title=\"Ekumenicke stretnutie 2014\" href=\"https:\/\/plus.google.com\/u\/0\/photos\/113195793245664134546\/albums\/5971717260215889921?partnerid=gplp0\" target=\"_blank\" rel=\"noopener noreferrer\">Fotky:<\/a>\t\t\t\t<\/p>\n","protected":false},"excerpt":{"rendered":"<p>21. janu\u00e1ra 2014 sme sa v kaplnke v Hrubom \u0160\u00fare spolo\u010dne stretli s veriacimi reformovanej cirkvi,ktor\u00ed tvoria v preva\u017ene katol\u00edckej obci&nbsp;pribli\u017ene 4 %, aby sme sa spolo\u010dne modlili za jednotu<\/p>\n","protected":false},"author":1,"featured_media":1499,"comment_status":"closed","ping_status":"closed","sticky":false,"template":"","format":"standard","meta":{"footnotes":""},"categories":[5],"tags":[],"class_list":{"0":"entry","1":"post","2":"publish","3":"author-marian-jasenoveceltras-sk","4":"has-excerpt","5":"has-more-link","6":"post-1498","8":"format-standard","9":"has-post-thumbnail","10":"category-aktuality"},"_links":{"self":[{"href":"https:\/\/www.farakostolna.sk\/index.php?rest_route=\/wp\/v2\/posts\/1498","targetHints":{"allow":["GET"]}}],"collection":[{"href":"https:\/\/www.farakostolna.sk\/index.php?rest_route=\/wp\/v2\/posts"}],"about":[{"href":"https:\/\/www.farakostolna.sk\/index.php?rest_route=\/wp\/v2\/types\/post"}],"author":[{"embeddable":true,"href":"https:\/\/www.farakostolna.sk\/index.php?rest_route=\/wp\/v2\/users\/1"}],"replies":[{"embeddable":true,"href":"https:\/\/www.farakostolna.sk\/index.php?rest_route=%2Fwp%2Fv2%2Fcomments&post=1498"}],"version-history":[{"count":0,"href":"https:\/\/www.farakostolna.sk\/index.php?rest_route=\/wp\/v2\/posts\/1498\/revisions"}],"wp:featuredmedia":[{"embeddable":true,"href":"https:\/\/www.farakostolna.sk\/index.php?rest_route=\/"}],"wp:attachment":[{"href":"https:\/\/www.farakostolna.sk\/index.php?rest_route=%2Fwp%2Fv2%2Fmedia&parent=1498"}],"wp:term":[{"taxonomy":"category","embeddable":true,"href":"https:\/\/www.farakostolna.sk\/index.php?rest_route=%2Fwp%2Fv2%2Fcategories&post=1498"},{"taxonomy":"post_tag","embeddable":true,"href":"https:\/\/www.farakostolna.sk\/index.php?rest_route=%2Fwp%2Fv2%2Ftags&post=1498"}],"curies":[{"name":"wp","href":"https:\/\/api.w.org\/{rel}","templated":true}]}}