{"id":10116,"date":"2026-01-31T19:56:03","date_gmt":"2026-01-31T18:56:03","guid":{"rendered":"https:\/\/www.farakostolna.sk\/?p=10116"},"modified":"2026-01-31T19:56:03","modified_gmt":"2026-01-31T18:56:03","slug":"volby-clenov-farskej-ekonomickej-rady","status":"publish","type":"post","link":"https:\/\/www.farakostolna.sk\/?p=10116","title":{"rendered":"Vo\u013eby \u010dlenov Farskej ekonomickej rady"},"content":{"rendered":"<div class=\"wp-block-image\">\n<figure class=\"alignleft size-full is-resized\"><img loading=\"lazy\" decoding=\"async\" width=\"512\" height=\"512\" src=\"https:\/\/www.farakostolna.sk\/wp-content\/uploads\/2024\/01\/cropped-logo.jpg\" alt=\"\" class=\"wp-image-9580\" style=\"width:169px;height:auto\" srcset=\"https:\/\/www.farakostolna.sk\/wp-content\/uploads\/2024\/01\/cropped-logo.jpg 512w, https:\/\/www.farakostolna.sk\/wp-content\/uploads\/2024\/01\/cropped-logo-300x300.jpg 300w, https:\/\/www.farakostolna.sk\/wp-content\/uploads\/2024\/01\/cropped-logo-150x150.jpg 150w, https:\/\/www.farakostolna.sk\/wp-content\/uploads\/2024\/01\/cropped-logo-270x270.jpg 270w, https:\/\/www.farakostolna.sk\/wp-content\/uploads\/2024\/01\/cropped-logo-192x192.jpg 192w, https:\/\/www.farakostolna.sk\/wp-content\/uploads\/2024\/01\/cropped-logo-180x180.jpg 180w, https:\/\/www.farakostolna.sk\/wp-content\/uploads\/2024\/01\/cropped-logo-32x32.jpg 32w\" sizes=\"auto, (max-width: 512px) 100vw, 512px\" \/><\/figure>\n<\/div>\n\n\n<p>Bud\u00facu nede\u013eu bud\u00fa vo\u013eby do Farskej ekonomickej rady (FER). \u0160tat\u00fat FER n\u00e1jdete <strong><a href=\"https:\/\/drive.google.com\/file\/d\/1z1Cz1RXjRP2s4-gCN47TdQsmuftCvJEO\/view?usp=sharing\">na tomto odkaze<\/a><\/strong> alebo na v\u00fdveske. Farn\u00edci si vyvolia 4 \u010dlenov, farsk\u00fd administr\u00e1tor n\u00e1sledne menuje \u010fal\u0161\u00edch 4 \u010dlenov.<\/p>\n\n\n\n<p><\/p>\n","protected":false},"excerpt":{"rendered":"<p>Bud\u00facu nede\u013eu bud\u00fa vo\u013eby do Farskej ekonomickej rady (FER). \u0160tat\u00fat FER n\u00e1jdete na tomto odkaze alebo na v\u00fdveske. Farn\u00edci si vyvolia 4 \u010dlenov, farsk\u00fd administr\u00e1tor n\u00e1sledne menuje \u010fal\u0161\u00edch 4 \u010dlenov.<\/p>\n","protected":false},"author":7,"featured_media":9580,"comment_status":"closed","ping_status":"closed","sticky":false,"template":"","format":"standard","meta":{"footnotes":""},"categories":[1],"tags":[],"class_list":{"0":"entry","1":"post","2":"publish","3":"author-slado89gmail-com","4":"post-10116","6":"format-standard","7":"has-post-thumbnail","8":"category-uncategorized"},"_links":{"self":[{"href":"https:\/\/www.farakostolna.sk\/index.php?rest_route=\/wp\/v2\/posts\/10116","targetHints":{"allow":["GET"]}}],"collection":[{"href":"https:\/\/www.farakostolna.sk\/index.php?rest_route=\/wp\/v2\/posts"}],"about":[{"href":"https:\/\/www.farakostolna.sk\/index.php?rest_route=\/wp\/v2\/types\/post"}],"author":[{"embeddable":true,"href":"https:\/\/www.farakostolna.sk\/index.php?rest_route=\/wp\/v2\/users\/7"}],"replies":[{"embeddable":true,"href":"https:\/\/www.farakostolna.sk\/index.php?rest_route=%2Fwp%2Fv2%2Fcomments&post=10116"}],"version-history":[{"count":1,"href":"https:\/\/www.farakostolna.sk\/index.php?rest_route=\/wp\/v2\/posts\/10116\/revisions"}],"predecessor-version":[{"id":10117,"href":"https:\/\/www.farakostolna.sk\/index.php?rest_route=\/wp\/v2\/posts\/10116\/revisions\/10117"}],"wp:featuredmedia":[{"embeddable":true,"href":"https:\/\/www.farakostolna.sk\/index.php?rest_route=\/wp\/v2\/media\/9580"}],"wp:attachment":[{"href":"https:\/\/www.farakostolna.sk\/index.php?rest_route=%2Fwp%2Fv2%2Fmedia&parent=10116"}],"wp:term":[{"taxonomy":"category","embeddable":true,"href":"https:\/\/www.farakostolna.sk\/index.php?rest_route=%2Fwp%2Fv2%2Fcategories&post=10116"},{"taxonomy":"post_tag","embeddable":true,"href":"https:\/\/www.farakostolna.sk\/index.php?rest_route=%2Fwp%2Fv2%2Ftags&post=10116"}],"curies":[{"name":"wp","href":"https:\/\/api.w.org\/{rel}","templated":true}]}}