{"id":10105,"date":"2026-01-18T09:04:00","date_gmt":"2026-01-18T08:04:00","guid":{"rendered":"https:\/\/www.farakostolna.sk\/?p=10105"},"modified":"2026-01-18T09:06:07","modified_gmt":"2026-01-18T08:06:07","slug":"pozvanky-na-kurzy","status":"publish","type":"post","link":"https:\/\/www.farakostolna.sk\/?p=10105","title":{"rendered":"Pozv\u00e1nky na kurzy"},"content":{"rendered":"\n<p>Poz\u00fdvame V\u00e1s zapoji\u0165 sa do nasleduj\u00facich kurzov:<\/p>\n\n\n\n<!--more-->\n\n\n\n<p><strong>Kurz \u017eivot mal\u00e9ho spolo\u010denstva<\/strong><\/p>\n\n\n\n<p>Kurz o zakladan\u00ed alebo novom nastaven\u00ed fungovania mal\u00fdch spolo\u010denstiev vo farnosti. Kurz je in\u0161pirovan\u00fd evanjeliza\u010dn\u00fdm programom Farsk\u00e9 evanjeliza\u010dn\u00e9 bunky. Ide o 4 stretnutia (v soboty dopoludnia), ktor\u00e9 hovoria o pilieroch \u017eivota mal\u00e9ho spolo\u010denstva, o jeho obsahovej \u0161trukt\u00fare. <strong>Za\u010diatok kurzu je 9. m\u00e1ja 2026 v ACM Vinica, v Ra\u010di. <\/strong>Po kurze pon\u00fakame anim\u00e1torom mal\u00fdch spolo\u010denstiev individu\u00e1lne aj skupinov\u00e9 sprev\u00e1dzanie &#8211; mentoring. Prihl\u00e1si\u0165 sa m\u00f4\u017eete na fare.<\/p>\n\n\n<div class=\"wp-block-image\">\n<figure class=\"aligncenter size-large\"><img loading=\"lazy\" decoding=\"async\" width=\"724\" height=\"1024\" src=\"https:\/\/www.farakostolna.sk\/wp-content\/uploads\/2026\/01\/Kurz-ZMS-2026-plagat-724x1024.png\" alt=\"\" class=\"wp-image-10106\" srcset=\"https:\/\/www.farakostolna.sk\/wp-content\/uploads\/2026\/01\/Kurz-ZMS-2026-plagat-724x1024.png 724w, https:\/\/www.farakostolna.sk\/wp-content\/uploads\/2026\/01\/Kurz-ZMS-2026-plagat-212x300.png 212w, https:\/\/www.farakostolna.sk\/wp-content\/uploads\/2026\/01\/Kurz-ZMS-2026-plagat-768x1086.png 768w, https:\/\/www.farakostolna.sk\/wp-content\/uploads\/2026\/01\/Kurz-ZMS-2026-plagat-1086x1536.png 1086w, https:\/\/www.farakostolna.sk\/wp-content\/uploads\/2026\/01\/Kurz-ZMS-2026-plagat.png 1414w\" sizes=\"auto, (max-width: 724px) 100vw, 724px\" \/><\/figure>\n<\/div>\n\n\n<p><strong>Alfa kurz pre dospel\u00fdch<\/strong><\/p>\n\n\n\n<p>Evanjeliza\u010dn\u00fd kurz pre veriacich, najm\u00e4 pre \u013eud\u00ed h\u013eadaj\u00facich hodnoty, zmysel \u017eivota, t\u00fa\u017eiacich pozna\u0165 a preh\u013abi\u0165 svoju kres\u0165ansk\u00fa vieru a pre \u013eud\u00ed v \u0165a\u017ekostiach ak\u00e9hoko\u013evek druhu. Kurz je pre \u013eud\u00ed od 25-70. rokov. <strong>Za\u010diatok 1. febru\u00e1r 2026 v priestoroch Kl\u00e1\u0161tora kapuc\u00ednov v Pezinku.<\/strong> Alfa kurz pon\u00faka miesto, otvoren\u00e9ho prem\u00fd\u0161\u013eania o viere, Bohu a zmysle \u017eivota. Stretnutia bud\u00fa prebieha\u0165 ka\u017ed\u00fa nede\u013eu od 18:00. Celkovo ide o 11 stretnut\u00ed a spolo\u010dn\u00e1 v\u00edkendovka. Alfakurz pre dospel\u00fdch organizuje t\u00edm z komunity pezinsk\u00fdch rod\u00edn &#8211; Centrum pre rodinu &#8211; Pezinok. Viac info s mo\u017enos\u0165ou prihl\u00e1si\u0165 sa na fare.<\/p>\n\n\n<div class=\"wp-block-image\">\n<figure class=\"aligncenter size-full\"><img loading=\"lazy\" decoding=\"async\" width=\"700\" height=\"990\" src=\"https:\/\/www.farakostolna.sk\/wp-content\/uploads\/2026\/01\/Letak-Alfa-pre-dospelych-2026.jpg\" alt=\"\" class=\"wp-image-10107\" srcset=\"https:\/\/www.farakostolna.sk\/wp-content\/uploads\/2026\/01\/Letak-Alfa-pre-dospelych-2026.jpg 700w, https:\/\/www.farakostolna.sk\/wp-content\/uploads\/2026\/01\/Letak-Alfa-pre-dospelych-2026-212x300.jpg 212w\" sizes=\"auto, (max-width: 700px) 100vw, 700px\" \/><\/figure>\n<\/div>","protected":false},"excerpt":{"rendered":"<p>Poz\u00fdvame V\u00e1s zapoji\u0165 sa do nasleduj\u00facich kurzov:<\/p>\n","protected":false},"author":7,"featured_media":10111,"comment_status":"closed","ping_status":"closed","sticky":false,"template":"","format":"standard","meta":{"footnotes":""},"categories":[1],"tags":[],"class_list":{"0":"entry","1":"post","2":"publish","3":"author-slado89gmail-com","4":"has-more-link","5":"post-10105","7":"format-standard","8":"has-post-thumbnail","9":"category-uncategorized"},"_links":{"self":[{"href":"https:\/\/www.farakostolna.sk\/index.php?rest_route=\/wp\/v2\/posts\/10105","targetHints":{"allow":["GET"]}}],"collection":[{"href":"https:\/\/www.farakostolna.sk\/index.php?rest_route=\/wp\/v2\/posts"}],"about":[{"href":"https:\/\/www.farakostolna.sk\/index.php?rest_route=\/wp\/v2\/types\/post"}],"author":[{"embeddable":true,"href":"https:\/\/www.farakostolna.sk\/index.php?rest_route=\/wp\/v2\/users\/7"}],"replies":[{"embeddable":true,"href":"https:\/\/www.farakostolna.sk\/index.php?rest_route=%2Fwp%2Fv2%2Fcomments&post=10105"}],"version-history":[{"count":3,"href":"https:\/\/www.farakostolna.sk\/index.php?rest_route=\/wp\/v2\/posts\/10105\/revisions"}],"predecessor-version":[{"id":10110,"href":"https:\/\/www.farakostolna.sk\/index.php?rest_route=\/wp\/v2\/posts\/10105\/revisions\/10110"}],"wp:featuredmedia":[{"embeddable":true,"href":"https:\/\/www.farakostolna.sk\/index.php?rest_route=\/wp\/v2\/media\/10111"}],"wp:attachment":[{"href":"https:\/\/www.farakostolna.sk\/index.php?rest_route=%2Fwp%2Fv2%2Fmedia&parent=10105"}],"wp:term":[{"taxonomy":"category","embeddable":true,"href":"https:\/\/www.farakostolna.sk\/index.php?rest_route=%2Fwp%2Fv2%2Fcategories&post=10105"},{"taxonomy":"post_tag","embeddable":true,"href":"https:\/\/www.farakostolna.sk\/index.php?rest_route=%2Fwp%2Fv2%2Ftags&post=10105"}],"curies":[{"name":"wp","href":"https:\/\/api.w.org\/{rel}","templated":true}]}}